{"id":228053,"date":"2024-10-29T16:24:07","date_gmt":"2024-10-29T15:24:07","guid":{"rendered":"https:\/\/unionaccessoires.ma\/?p=228053"},"modified":"2024-10-29T16:24:07","modified_gmt":"2024-10-29T15:24:07","slug":"el-aluminio-en-el-corazon-de-la-arquitectura-moderna-armonia-entre-estetica-y-funcionalidad","status":"publish","type":"post","link":"https:\/\/unionaccessoires.ma\/es\/el-aluminio-en-el-corazon-de-la-arquitectura-moderna-armonia-entre-estetica-y-funcionalidad\/","title":{"rendered":"El aluminio en el coraz\u00f3n de la arquitectura moderna: armon\u00eda entre est\u00e9tica y funcionalidad"},"content":{"rendered":"<div class=\"wpb-content-wrapper\"><div class=\"vc_row wpb_row vc_row-fluid vc_custom_1729855421391 vc_column-gap-30 vc_row-o-equal-height vc_row-o-content-middle vc_row-flex\"><div class=\"wpb_column vc_column_container vc_col-sm-12\"><div class=\"vc_column-inner\"><div class=\"wpb_wrapper\">\n\t<div class=\"wpb_text_column wpb_content_element\" >\n\t\t<div class=\"wpb_wrapper\">\n\t\t\t<h4>Aluminio y tendencias arquitect\u00f3nicas modernas<\/h4>\n<p><strong>Aluminio<\/strong> se ha convertido en un material esencial en <strong>arquitectura contempor\u00e1nea<\/strong>. Sa <strong>ligereza<\/strong>su <strong>sostenibilidad<\/strong> y su <strong>versatilidad<\/strong> lo convierten en la opci\u00f3n preferida para multitud de aplicaciones. Este art\u00edculo explora c\u00f3mo encaja el aluminio en la nueva <strong>tendencias<\/strong> <strong>arquitectura<\/strong>incluyendo <strong>fachadas de cristal<\/strong>el<strong> grandes bah\u00edas<\/strong> y el <strong>dise\u00f1o minimalista<\/strong>.<\/p>\n\n\t\t<\/div>\n\t<\/div>\n<\/div><\/div><\/div><\/div><!-- Row Backgrounds --><div class=\"upb_color\" data-bg-override=\"0\" data-bg-color=\"\" data-fadeout=\"\" data-fadeout-percentage=\"30\" data-parallax-content=\"\" data-parallax-content-sense=\"30\" data-row-effect-mobile-disable=\"true\" data-img-parallax-mobile-disable=\"true\" data-rtl=\"false\"  data-custom-vc-row=\"\"  data-vc=\"7.8\"  data-is_old_vc=\"\"  data-theme-support=\"\"   data-overlay=\"false\" data-overlay-color=\"\" data-overlay-pattern=\"\" data-overlay-pattern-opacity=\"\" data-overlay-pattern-size=\"\"    ><\/div><div class=\"vc_row wpb_row vc_row-fluid vc_custom_1729855454016\"><div class=\"wpb_column vc_column_container vc_col-sm-6\"><div class=\"vc_column-inner\"><div class=\"wpb_wrapper\">\n\t<div class=\"wpb_text_column wpb_content_element\" >\n\t\t<div class=\"wpb_wrapper\">\n\t\t\t<h4><strong>1. Fachadas<\/strong> esmaltado<strong> Luminosidad \u00f3ptima<\/strong><\/h4>\n<p>En <strong>fachadas de cristal<\/strong> son una de las tendencias m\u00e1s llamativas de la arquitectura moderna. Permiten una integraci\u00f3n armoniosa entre el interior y el exterior, al tiempo que maximizan el uso del espacio. <strong>luz natural<\/strong>. El aluminio es ideal para los marcos de estas fachadas por varias razones:<\/p>\n<p><strong>Resistencia y ligereza<\/strong> Aluminio: el aluminio ofrece una resistencia y una ligereza inigualables, lo que permite crear estructuras elegantes sin comprometer la seguridad.<\/p>\n<p><strong>Est\u00e9tica contempor\u00e1nea<\/strong> Disponible en una variedad de <strong>acabados<\/strong> y <strong>colores<\/strong>El aluminio puede adaptarse f\u00e1cilmente a diferentes estilos arquitect\u00f3nicos, contribuyendo al aspecto general de un edificio.<strong>armon\u00eda visual<\/strong> edificios.<\/p>\n<p><strong>Durabilidad<\/strong> Resistente a <strong>corrosi\u00f3n<\/strong> y resistente a la intemperie, el aluminio requiere poco mantenimiento, lo que lo convierte en una opci\u00f3n duradera para las fachadas acristaladas.<\/p>\n\n\t\t<\/div>\n\t<\/div>\n<\/div><\/div><\/div><div class=\"wpb_column vc_column_container vc_col-sm-6\"><div class=\"vc_column-inner\"><div class=\"wpb_wrapper\">\n\t<div  class=\"wpb_single_image wpb_content_element vc_align_center wpb_content_element vc_custom_1730212819129\">\n\t\t\n\t\t<figure class=\"wpb_wrapper vc_figure\">\n\t\t\t<div class=\"vc_single_image-wrapper   vc_box_border_grey\"><img decoding=\"async\" class=\"vc_single_image-img\" src=\"https:\/\/unionaccessoires.ma\/wp-content\/uploads\/2024\/10\/Facade-vec-4-1-400x479.jpg\" width=\"400\" height=\"479\" alt=\"Fachada vec (4) (1)\" title=\"Fachada vec (4) (1)\" loading=\"lazy\" \/><\/div>\n\t\t<\/figure>\n\t<\/div>\n<\/div><\/div><\/div><\/div><div class=\"vc_row wpb_row vc_row-fluid\"><div class=\"wpb_column vc_column_container vc_col-sm-6\"><div class=\"vc_column-inner\"><div class=\"wpb_wrapper\">\n\t<div class=\"wpb_text_column wpb_content_element\" >\n\t\t<div class=\"wpb_wrapper\">\n\t\t\t<h4>2. Grandes ventanales: apertura al exterior<\/h4>\n<p>En <strong>grandes bah\u00edas<\/strong> tambi\u00e9n est\u00e1n de moda, ya que ofrecen vistas ininterrumpidas del exterior y crean sensaci\u00f3n de espacio. El aluminio se presta perfectamente a esta tendencia:<\/p>\n<p><strong>Dimensiones<\/strong> : Gracias a su resistencia, el aluminio permite crear aberturas m\u00e1s anchas y altas sin necesidad de soportes s\u00f3lidos.<\/p>\n<p><strong>Dise\u00f1o a medida<\/strong> Sistemas de carpinter\u00eda de aluminio: Los sistemas de carpinter\u00eda de aluminio pueden adaptarse para satisfacer los requisitos espec\u00edficos de cada proyecto, permitiendo dise\u00f1os que son <strong>innovador<\/strong> y <strong>personalizado<\/strong>.<\/p>\n<p><strong>Eficiencia energ\u00e9tica<\/strong> Nuevas tecnolog\u00edas para<strong>aislamiento t\u00e9rmico<\/strong> en carpinter\u00eda de aluminio contribuye a mejorar la eficiencia energ\u00e9tica de los edificios, al tiempo que ofrece un dise\u00f1o est\u00e9tico.<\/p>\n\n\t\t<\/div>\n\t<\/div>\n<\/div><\/div><\/div><div class=\"wpb_column vc_column_container vc_col-sm-6\"><div class=\"vc_column-inner\"><div class=\"wpb_wrapper\">\n\t<div  class=\"wpb_single_image wpb_content_element vc_align_center wpb_content_element vc_custom_1730214697789\">\n\t\t\n\t\t<figure class=\"wpb_wrapper vc_figure\">\n\t\t\t<div class=\"vc_single_image-wrapper   vc_box_border_grey\"><img decoding=\"async\" class=\"vc_single_image-img\" src=\"https:\/\/unionaccessoires.ma\/wp-content\/uploads\/2024\/10\/pixelcut-export-400x479.png\" width=\"400\" height=\"479\" alt=\"pixelcut-export\" title=\"pixelcut-export\" loading=\"lazy\" \/><\/div>\n\t\t<\/figure>\n\t<\/div>\n<\/div><\/div><\/div><\/div><div class=\"vc_row wpb_row vc_row-fluid\"><div class=\"wpb_column vc_column_container vc_col-sm-6\"><div class=\"vc_column-inner\"><div class=\"wpb_wrapper\">\n\t<div class=\"wpb_text_column wpb_content_element\" >\n\t\t<div class=\"wpb_wrapper\">\n\t\t\t<h4>3. Dise\u00f1o minimalista: sencillez y elegancia<\/h4>\n<p>Le <strong>dise\u00f1o minimalista<\/strong> favorece la sencillez de formas y materiales. El aluminio, con su <strong>l\u00edneas limpias<\/strong> y su flexibilidad de dise\u00f1o, se ajusta perfectamente a esta tendencia:<\/p>\n<p><strong>L\u00edneas estilizadas y modernas<\/strong> Los perfiles de aluminio pueden utilizarse para crear aberturas con l\u00edneas muy finas, maximizando la superficie acristalada y manteniendo al mismo tiempo una estructura s\u00f3lida.<\/p>\n<p><strong>Varios acabados<\/strong> El aluminio puede ser <strong>anodizado<\/strong> o <strong>pintado<\/strong> en una amplia gama de colores, que ofrece numerosas opciones para adaptarse a la est\u00e9tica minimalista sin a\u00f1adir complejidad visual.<\/p>\n<p><strong>Integraci\u00f3n fluida<\/strong> En un espacio minimalista, el aluminio puede utilizarse de forma sutil para integrar elementos funcionales sin perder el atractivo est\u00e9tico del espacio.<strong>armon\u00eda<\/strong> del conjunto.<\/p>\n\n\t\t<\/div>\n\t<\/div>\n<\/div><\/div><\/div><div class=\"wpb_column vc_column_container vc_col-sm-6\"><div class=\"vc_column-inner\"><div class=\"wpb_wrapper\">\n\t<div  class=\"wpb_single_image wpb_content_element vc_align_center wpb_content_element vc_custom_1730215302538\">\n\t\t\n\t\t<figure class=\"wpb_wrapper vc_figure\">\n\t\t\t<div class=\"vc_single_image-wrapper   vc_box_border_grey\"><img decoding=\"async\" class=\"vc_single_image-img\" src=\"https:\/\/unionaccessoires.ma\/wp-content\/uploads\/2024\/10\/Cloison-spinelle6-768x1024-1-400x479.jpg\" width=\"400\" height=\"479\" alt=\"Cloison-spinelle6-768x1024\" title=\"Cloison-spinelle6-768x1024\" loading=\"lazy\" \/><\/div>\n\t\t<\/figure>\n\t<\/div>\n<\/div><\/div><\/div><\/div><div class=\"vc_row wpb_row vc_row-fluid\"><div class=\"wpb_column vc_column_container vc_col-sm-12\"><div class=\"vc_column-inner\"><div class=\"wpb_wrapper\">\n\t<div class=\"wpb_text_column wpb_content_element\" >\n\t\t<div class=\"wpb_wrapper\">\n\t\t\t<h4>Conclusi\u00f3n<\/h4>\n<p>El aluminio es el material preferido por arquitectos y dise\u00f1adores que desean satisfacer las exigencias de las tendencias arquitect\u00f3nicas modernas. Ya sea mediante fachadas acristaladas, grandes ventanales o un dise\u00f1o minimalista, el aluminio combina <strong>rendimiento<\/strong>, <strong>esteticismo<\/strong> y <strong>sostenibilidad<\/strong>. Al elegir el aluminio para sus proyectos arquitect\u00f3nicos, est\u00e1 optando por una soluci\u00f3n moderna y atemporal, capaz de adaptarse a los cambios del dise\u00f1o contempor\u00e1neo.<\/p>\n\n\t\t<\/div>\n\t<\/div>\n<\/div><\/div><\/div><\/div>\n<\/div>","protected":false},"excerpt":{"rendered":"El aluminio y las tendencias arquitect\u00f3nicas modernas El aluminio se ha convertido en un material esencial en la arquitectura contempor\u00e1nea. Su ligereza, durabilidad y versatilidad lo convierten en la opci\u00f3n preferida para multitud de aplicaciones. Este art\u00edculo analiza c\u00f3mo encaja el aluminio en las nuevas tendencias arquitect\u00f3nicas, como las fachadas acristaladas, los grandes ventanales y el dise\u00f1o minimalista. [...]","protected":false},"author":2,"featured_media":228050,"comment_status":"closed","ping_status":"closed","sticky":false,"template":"","format":"standard","meta":{"_monsterinsights_skip_tracking":false,"_monsterinsights_sitenote_active":false,"_monsterinsights_sitenote_note":"","_monsterinsights_sitenote_category":0,"_joinchat":[],"footnotes":""},"categories":[40],"tags":[41],"class_list":["post-228053","post","type-post","status-publish","format-standard","has-post-thumbnail","hentry","category-blog","tag-blog"],"yoast_head":"<!-- This site is optimized with the Yoast SEO plugin v25.9 - https:\/\/yoast.com\/wordpress\/plugins\/seo\/ -->\n<title>L&#039;aluminium au c\u0153ur de l&#039;architecture moderne : harmonie entre esth\u00e9tique et fonctionnalit\u00e9 - Union Accessoires<\/title>\n<meta name=\"robots\" content=\"index, follow, max-snippet:-1, max-image-preview:large, max-video-preview:-1\" \/>\n<link rel=\"canonical\" href=\"https:\/\/unionaccessoires.ma\/es\/el-aluminio-en-el-corazon-de-la-arquitectura-moderna-armonia-entre-estetica-y-funcionalidad\/\" \/>\n<meta property=\"og:locale\" content=\"es_ES\" \/>\n<meta property=\"og:type\" content=\"article\" \/>\n<meta property=\"og:title\" content=\"L&#039;aluminium au c\u0153ur de l&#039;architecture moderne : harmonie entre esth\u00e9tique et fonctionnalit\u00e9 - Union Accessoires\" \/>\n<meta property=\"og:url\" content=\"https:\/\/unionaccessoires.ma\/es\/el-aluminio-en-el-corazon-de-la-arquitectura-moderna-armonia-entre-estetica-y-funcionalidad\/\" \/>\n<meta property=\"og:site_name\" content=\"Union Accessoires\" \/>\n<meta property=\"article:published_time\" content=\"2024-10-29T15:24:07+00:00\" \/>\n<meta property=\"og:image\" content=\"https:\/\/unionaccessoires.ma\/wp-content\/uploads\/2024\/10\/BLOG-CV-1024x576.png\" \/>\n\t<meta property=\"og:image:width\" content=\"1024\" \/>\n\t<meta property=\"og:image:height\" content=\"576\" \/>\n\t<meta property=\"og:image:type\" content=\"image\/png\" \/>\n<meta name=\"author\" content=\"Samia\" \/>\n<meta name=\"twitter:card\" content=\"summary_large_image\" \/>\n<meta name=\"twitter:label1\" content=\"Escrito por\" \/>\n\t<meta name=\"twitter:data1\" content=\"Samia\" \/>\n\t<meta name=\"twitter:label2\" content=\"Tiempo de lectura\" \/>\n\t<meta name=\"twitter:data2\" content=\"4 minutos\" \/>\n<script type=\"application\/ld+json\" class=\"yoast-schema-graph\">{\"@context\":\"https:\/\/schema.org\",\"@graph\":[{\"@type\":\"Article\",\"@id\":\"https:\/\/unionaccessoires.ma\/laluminium-au-coeur-de-larchitecture-moderne-harmonie-entre-esthetique-et-fonctionnalite\/#article\",\"isPartOf\":{\"@id\":\"https:\/\/unionaccessoires.ma\/laluminium-au-coeur-de-larchitecture-moderne-harmonie-entre-esthetique-et-fonctionnalite\/\"},\"author\":{\"name\":\"Samia\",\"@id\":\"https:\/\/unionaccessoires.ma\/#\/schema\/person\/4d278c9c361bffb2e924e06a6db55af0\"},\"headline\":\"L&rsquo;aluminium au c\u0153ur de l&rsquo;architecture moderne : harmonie entre esth\u00e9tique et fonctionnalit\u00e9\",\"datePublished\":\"2024-10-29T15:24:07+00:00\",\"mainEntityOfPage\":{\"@id\":\"https:\/\/unionaccessoires.ma\/laluminium-au-coeur-de-larchitecture-moderne-harmonie-entre-esthetique-et-fonctionnalite\/\"},\"wordCount\":743,\"publisher\":{\"@id\":\"https:\/\/unionaccessoires.ma\/#organization\"},\"image\":{\"@id\":\"https:\/\/unionaccessoires.ma\/laluminium-au-coeur-de-larchitecture-moderne-harmonie-entre-esthetique-et-fonctionnalite\/#primaryimage\"},\"thumbnailUrl\":\"https:\/\/unionaccessoires.ma\/wp-content\/uploads\/2024\/10\/BLOG-CV.png\",\"keywords\":[\"Blog\"],\"articleSection\":[\"Blog\"],\"inLanguage\":\"es\"},{\"@type\":\"WebPage\",\"@id\":\"https:\/\/unionaccessoires.ma\/laluminium-au-coeur-de-larchitecture-moderne-harmonie-entre-esthetique-et-fonctionnalite\/\",\"url\":\"https:\/\/unionaccessoires.ma\/laluminium-au-coeur-de-larchitecture-moderne-harmonie-entre-esthetique-et-fonctionnalite\/\",\"name\":\"L'aluminium au c\u0153ur de l'architecture moderne : harmonie entre esth\u00e9tique et fonctionnalit\u00e9 - Union Accessoires\",\"isPartOf\":{\"@id\":\"https:\/\/unionaccessoires.ma\/#website\"},\"primaryImageOfPage\":{\"@id\":\"https:\/\/unionaccessoires.ma\/laluminium-au-coeur-de-larchitecture-moderne-harmonie-entre-esthetique-et-fonctionnalite\/#primaryimage\"},\"image\":{\"@id\":\"https:\/\/unionaccessoires.ma\/laluminium-au-coeur-de-larchitecture-moderne-harmonie-entre-esthetique-et-fonctionnalite\/#primaryimage\"},\"thumbnailUrl\":\"https:\/\/unionaccessoires.ma\/wp-content\/uploads\/2024\/10\/BLOG-CV.png\",\"datePublished\":\"2024-10-29T15:24:07+00:00\",\"breadcrumb\":{\"@id\":\"https:\/\/unionaccessoires.ma\/laluminium-au-coeur-de-larchitecture-moderne-harmonie-entre-esthetique-et-fonctionnalite\/#breadcrumb\"},\"inLanguage\":\"es\",\"potentialAction\":[{\"@type\":\"ReadAction\",\"target\":[\"https:\/\/unionaccessoires.ma\/laluminium-au-coeur-de-larchitecture-moderne-harmonie-entre-esthetique-et-fonctionnalite\/\"]}]},{\"@type\":\"ImageObject\",\"inLanguage\":\"es\",\"@id\":\"https:\/\/unionaccessoires.ma\/laluminium-au-coeur-de-larchitecture-moderne-harmonie-entre-esthetique-et-fonctionnalite\/#primaryimage\",\"url\":\"https:\/\/unionaccessoires.ma\/wp-content\/uploads\/2024\/10\/BLOG-CV.png\",\"contentUrl\":\"https:\/\/unionaccessoires.ma\/wp-content\/uploads\/2024\/10\/BLOG-CV.png\",\"width\":1920,\"height\":1080},{\"@type\":\"BreadcrumbList\",\"@id\":\"https:\/\/unionaccessoires.ma\/laluminium-au-coeur-de-larchitecture-moderne-harmonie-entre-esthetique-et-fonctionnalite\/#breadcrumb\",\"itemListElement\":[{\"@type\":\"ListItem\",\"position\":1,\"name\":\"Accueil\",\"item\":\"https:\/\/unionaccessoires.ma\/\"},{\"@type\":\"ListItem\",\"position\":2,\"name\":\"L&rsquo;aluminium au c\u0153ur de l&rsquo;architecture moderne : harmonie entre esth\u00e9tique et fonctionnalit\u00e9\"}]},{\"@type\":\"WebSite\",\"@id\":\"https:\/\/unionaccessoires.ma\/#website\",\"url\":\"https:\/\/unionaccessoires.ma\/\",\"name\":\"Union Accessoires\",\"description\":\"\",\"publisher\":{\"@id\":\"https:\/\/unionaccessoires.ma\/#organization\"},\"potentialAction\":[{\"@type\":\"SearchAction\",\"target\":{\"@type\":\"EntryPoint\",\"urlTemplate\":\"https:\/\/unionaccessoires.ma\/?s={search_term_string}\"},\"query-input\":{\"@type\":\"PropertyValueSpecification\",\"valueRequired\":true,\"valueName\":\"search_term_string\"}}],\"inLanguage\":\"es\"},{\"@type\":\"Organization\",\"@id\":\"https:\/\/unionaccessoires.ma\/#organization\",\"name\":\"Union Accessoires\",\"url\":\"https:\/\/unionaccessoires.ma\/\",\"logo\":{\"@type\":\"ImageObject\",\"inLanguage\":\"es\",\"@id\":\"https:\/\/unionaccessoires.ma\/#\/schema\/logo\/image\/\",\"url\":\"https:\/\/unionaccessoires.ma\/wp-content\/uploads\/2024\/08\/un.png\",\"contentUrl\":\"https:\/\/unionaccessoires.ma\/wp-content\/uploads\/2024\/08\/un.png\",\"width\":3000,\"height\":3000,\"caption\":\"Union Accessoires\"},\"image\":{\"@id\":\"https:\/\/unionaccessoires.ma\/#\/schema\/logo\/image\/\"}},{\"@type\":\"Person\",\"@id\":\"https:\/\/unionaccessoires.ma\/#\/schema\/person\/4d278c9c361bffb2e924e06a6db55af0\",\"name\":\"Samia\",\"image\":{\"@type\":\"ImageObject\",\"inLanguage\":\"es\",\"@id\":\"https:\/\/unionaccessoires.ma\/#\/schema\/person\/image\/\",\"url\":\"https:\/\/secure.gravatar.com\/avatar\/fdc9c59c18f56e6724ac1384d0214c6e6595be1f9ebb55cc45e06f6e2798353e?s=96&d=mm&r=g\",\"contentUrl\":\"https:\/\/secure.gravatar.com\/avatar\/fdc9c59c18f56e6724ac1384d0214c6e6595be1f9ebb55cc45e06f6e2798353e?s=96&d=mm&r=g\",\"caption\":\"Samia\"},\"url\":\"https:\/\/unionaccessoires.ma\/es\/author\/samia\/\"}]}<\/script>\n<!-- \/ Yoast SEO plugin. -->","yoast_head_json":{"title":"El aluminio en el coraz\u00f3n de la arquitectura moderna: armon\u00eda entre est\u00e9tica y funcionalidad - Union Accessoires","robots":{"index":"index","follow":"follow","max-snippet":"max-snippet:-1","max-image-preview":"max-image-preview:large","max-video-preview":"max-video-preview:-1"},"canonical":"https:\/\/unionaccessoires.ma\/es\/el-aluminio-en-el-corazon-de-la-arquitectura-moderna-armonia-entre-estetica-y-funcionalidad\/","og_locale":"es_ES","og_type":"article","og_title":"L'aluminium au c\u0153ur de l'architecture moderne : harmonie entre esth\u00e9tique et fonctionnalit\u00e9 - Union Accessoires","og_url":"https:\/\/unionaccessoires.ma\/es\/el-aluminio-en-el-corazon-de-la-arquitectura-moderna-armonia-entre-estetica-y-funcionalidad\/","og_site_name":"Union Accessoires","article_published_time":"2024-10-29T15:24:07+00:00","og_image":[{"width":1024,"height":576,"url":"https:\/\/unionaccessoires.ma\/wp-content\/uploads\/2024\/10\/BLOG-CV-1024x576.png","type":"image\/png"}],"author":"Samia","twitter_card":"summary_large_image","twitter_misc":{"Escrito por":"Samia","Tiempo de lectura":"4 minutos"},"schema":{"@context":"https:\/\/schema.org","@graph":[{"@type":"Article","@id":"https:\/\/unionaccessoires.ma\/laluminium-au-coeur-de-larchitecture-moderne-harmonie-entre-esthetique-et-fonctionnalite\/#article","isPartOf":{"@id":"https:\/\/unionaccessoires.ma\/laluminium-au-coeur-de-larchitecture-moderne-harmonie-entre-esthetique-et-fonctionnalite\/"},"author":{"name":"Samia","@id":"https:\/\/unionaccessoires.ma\/#\/schema\/person\/4d278c9c361bffb2e924e06a6db55af0"},"headline":"L&rsquo;aluminium au c\u0153ur de l&rsquo;architecture moderne : harmonie entre esth\u00e9tique et fonctionnalit\u00e9","datePublished":"2024-10-29T15:24:07+00:00","mainEntityOfPage":{"@id":"https:\/\/unionaccessoires.ma\/laluminium-au-coeur-de-larchitecture-moderne-harmonie-entre-esthetique-et-fonctionnalite\/"},"wordCount":743,"publisher":{"@id":"https:\/\/unionaccessoires.ma\/#organization"},"image":{"@id":"https:\/\/unionaccessoires.ma\/laluminium-au-coeur-de-larchitecture-moderne-harmonie-entre-esthetique-et-fonctionnalite\/#primaryimage"},"thumbnailUrl":"https:\/\/unionaccessoires.ma\/wp-content\/uploads\/2024\/10\/BLOG-CV.png","keywords":["Blog"],"articleSection":["Blog"],"inLanguage":"es"},{"@type":"WebPage","@id":"https:\/\/unionaccessoires.ma\/laluminium-au-coeur-de-larchitecture-moderne-harmonie-entre-esthetique-et-fonctionnalite\/","url":"https:\/\/unionaccessoires.ma\/laluminium-au-coeur-de-larchitecture-moderne-harmonie-entre-esthetique-et-fonctionnalite\/","name":"El aluminio en el coraz\u00f3n de la arquitectura moderna: armon\u00eda entre est\u00e9tica y funcionalidad - Union Accessoires","isPartOf":{"@id":"https:\/\/unionaccessoires.ma\/#website"},"primaryImageOfPage":{"@id":"https:\/\/unionaccessoires.ma\/laluminium-au-coeur-de-larchitecture-moderne-harmonie-entre-esthetique-et-fonctionnalite\/#primaryimage"},"image":{"@id":"https:\/\/unionaccessoires.ma\/laluminium-au-coeur-de-larchitecture-moderne-harmonie-entre-esthetique-et-fonctionnalite\/#primaryimage"},"thumbnailUrl":"https:\/\/unionaccessoires.ma\/wp-content\/uploads\/2024\/10\/BLOG-CV.png","datePublished":"2024-10-29T15:24:07+00:00","breadcrumb":{"@id":"https:\/\/unionaccessoires.ma\/laluminium-au-coeur-de-larchitecture-moderne-harmonie-entre-esthetique-et-fonctionnalite\/#breadcrumb"},"inLanguage":"es","potentialAction":[{"@type":"ReadAction","target":["https:\/\/unionaccessoires.ma\/laluminium-au-coeur-de-larchitecture-moderne-harmonie-entre-esthetique-et-fonctionnalite\/"]}]},{"@type":"ImageObject","inLanguage":"es","@id":"https:\/\/unionaccessoires.ma\/laluminium-au-coeur-de-larchitecture-moderne-harmonie-entre-esthetique-et-fonctionnalite\/#primaryimage","url":"https:\/\/unionaccessoires.ma\/wp-content\/uploads\/2024\/10\/BLOG-CV.png","contentUrl":"https:\/\/unionaccessoires.ma\/wp-content\/uploads\/2024\/10\/BLOG-CV.png","width":1920,"height":1080},{"@type":"BreadcrumbList","@id":"https:\/\/unionaccessoires.ma\/laluminium-au-coeur-de-larchitecture-moderne-harmonie-entre-esthetique-et-fonctionnalite\/#breadcrumb","itemListElement":[{"@type":"ListItem","position":1,"name":"Accueil","item":"https:\/\/unionaccessoires.ma\/"},{"@type":"ListItem","position":2,"name":"L&rsquo;aluminium au c\u0153ur de l&rsquo;architecture moderne : harmonie entre esth\u00e9tique et fonctionnalit\u00e9"}]},{"@type":"WebSite","@id":"https:\/\/unionaccessoires.ma\/#website","url":"https:\/\/unionaccessoires.ma\/","name":"Accesorios de la Uni\u00f3n","description":"","publisher":{"@id":"https:\/\/unionaccessoires.ma\/#organization"},"potentialAction":[{"@type":"SearchAction","target":{"@type":"EntryPoint","urlTemplate":"https:\/\/unionaccessoires.ma\/?s={search_term_string}"},"query-input":{"@type":"PropertyValueSpecification","valueRequired":true,"valueName":"search_term_string"}}],"inLanguage":"es"},{"@type":"Organization","@id":"https:\/\/unionaccessoires.ma\/#organization","name":"Accesorios de la Uni\u00f3n","url":"https:\/\/unionaccessoires.ma\/","logo":{"@type":"ImageObject","inLanguage":"es","@id":"https:\/\/unionaccessoires.ma\/#\/schema\/logo\/image\/","url":"https:\/\/unionaccessoires.ma\/wp-content\/uploads\/2024\/08\/un.png","contentUrl":"https:\/\/unionaccessoires.ma\/wp-content\/uploads\/2024\/08\/un.png","width":3000,"height":3000,"caption":"Union Accessoires"},"image":{"@id":"https:\/\/unionaccessoires.ma\/#\/schema\/logo\/image\/"}},{"@type":"Person","@id":"https:\/\/unionaccessoires.ma\/#\/schema\/person\/4d278c9c361bffb2e924e06a6db55af0","name":"Samia","image":{"@type":"ImageObject","inLanguage":"es","@id":"https:\/\/unionaccessoires.ma\/#\/schema\/person\/image\/","url":"https:\/\/secure.gravatar.com\/avatar\/fdc9c59c18f56e6724ac1384d0214c6e6595be1f9ebb55cc45e06f6e2798353e?s=96&d=mm&r=g","contentUrl":"https:\/\/secure.gravatar.com\/avatar\/fdc9c59c18f56e6724ac1384d0214c6e6595be1f9ebb55cc45e06f6e2798353e?s=96&d=mm&r=g","caption":"Samia"},"url":"https:\/\/unionaccessoires.ma\/es\/author\/samia\/"}]}},"_links":{"self":[{"href":"https:\/\/unionaccessoires.ma\/es\/wp-json\/wp\/v2\/posts\/228053","targetHints":{"allow":["GET"]}}],"collection":[{"href":"https:\/\/unionaccessoires.ma\/es\/wp-json\/wp\/v2\/posts"}],"about":[{"href":"https:\/\/unionaccessoires.ma\/es\/wp-json\/wp\/v2\/types\/post"}],"author":[{"embeddable":true,"href":"https:\/\/unionaccessoires.ma\/es\/wp-json\/wp\/v2\/users\/2"}],"replies":[{"embeddable":true,"href":"https:\/\/unionaccessoires.ma\/es\/wp-json\/wp\/v2\/comments?post=228053"}],"version-history":[{"count":22,"href":"https:\/\/unionaccessoires.ma\/es\/wp-json\/wp\/v2\/posts\/228053\/revisions"}],"predecessor-version":[{"id":228079,"href":"https:\/\/unionaccessoires.ma\/es\/wp-json\/wp\/v2\/posts\/228053\/revisions\/228079"}],"wp:featuredmedia":[{"embeddable":true,"href":"https:\/\/unionaccessoires.ma\/es\/wp-json\/wp\/v2\/media\/228050"}],"wp:attachment":[{"href":"https:\/\/unionaccessoires.ma\/es\/wp-json\/wp\/v2\/media?parent=228053"}],"wp:term":[{"taxonomy":"category","embeddable":true,"href":"https:\/\/unionaccessoires.ma\/es\/wp-json\/wp\/v2\/categories?post=228053"},{"taxonomy":"post_tag","embeddable":true,"href":"https:\/\/unionaccessoires.ma\/es\/wp-json\/wp\/v2\/tags?post=228053"}],"curies":[{"name":"wp","href":"https:\/\/api.w.org\/{rel}","templated":true}]}}