{"id":228240,"date":"2025-03-03T17:00:23","date_gmt":"2025-03-03T16:00:23","guid":{"rendered":"https:\/\/unionaccessoires.ma\/?p=228240"},"modified":"2025-03-04T12:22:39","modified_gmt":"2025-03-04T11:22:39","slug":"conferencia-de-m-yassir-el-haddaoui-sobre-la-filosofia-del-empresariado-en-el-lofppt-en-presencia-de-formadores-y-estudiantes","status":"publish","type":"post","link":"https:\/\/unionaccessoires.ma\/es\/conferencia-de-m-yassir-el-haddaoui-sobre-la-filosofia-del-empresariado-en-el-lofppt-en-presencia-de-formadores-y-estudiantes\/","title":{"rendered":"Conferencia del Sr. Yassir El Haddaoui sobre la filosof\u00eda del esp\u00edritu empresarial en la OFPPT, en presencia de formadores y estudiantes."},"content":{"rendered":"<div class=\"wpb-content-wrapper\"><div class=\"vc_row wpb_row vc_row-fluid\"><div class=\"wpb_column vc_column_container vc_col-sm-12\"><div class=\"vc_column-inner\"><div class=\"wpb_wrapper\">\n\t<div  class=\"wpb_single_image wpb_content_element vc_align_center wpb_content_element\">\n\t\t\n\t\t<figure class=\"wpb_wrapper vc_figure\">\n\t\t\t<div class=\"vc_single_image-wrapper   vc_box_border_grey\"><img decoding=\"async\" class=\"vc_single_image-img\" src=\"https:\/\/unionaccessoires.ma\/wp-content\/uploads\/2025\/03\/1-BLOG-1360x760.jpg\" width=\"1360\" height=\"760\" alt=\"1 BLOG\" title=\"1 BLOG\" loading=\"lazy\" \/><\/div>\n\t\t<\/figure>\n\t<\/div>\n<\/div><\/div><\/div><\/div><div class=\"vc_row wpb_row vc_row-fluid vc_custom_1729855421391 vc_column-gap-30 vc_row-o-equal-height vc_row-o-content-middle vc_row-flex\"><div class=\"wpb_column vc_column_container vc_col-sm-12\"><div class=\"vc_column-inner\"><div class=\"wpb_wrapper\">\n\t<div class=\"wpb_text_column wpb_content_element\" >\n\t\t<div class=\"wpb_wrapper\">\n\t\t\t<p>M. <strong>Yassir El Haddaoui<\/strong>Director General de<strong>Accesorios de la Uni\u00f3n<\/strong> y <strong>especialista en marketing<\/strong>dio recientemente una inspiradora charla en la<strong>OFPPT<\/strong>. Dise\u00f1ado para <strong>estudiantes<\/strong> y <strong>formadores<\/strong>Este acto se centr\u00f3 en<strong>La filosof\u00eda de la iniciativa empresarial<\/strong>\"Este innovador m\u00f3dulo explora el esp\u00edritu empresarial desde un \u00e1ngulo visionario y filos\u00f3fico.<\/p>\n\n\t\t<\/div>\n\t<\/div>\n<\/div><\/div><\/div><\/div><!-- Row Backgrounds --><div class=\"upb_color\" data-bg-override=\"0\" data-bg-color=\"\" data-fadeout=\"\" data-fadeout-percentage=\"30\" data-parallax-content=\"\" data-parallax-content-sense=\"30\" data-row-effect-mobile-disable=\"true\" data-img-parallax-mobile-disable=\"true\" data-rtl=\"false\"  data-custom-vc-row=\"\"  data-vc=\"7.8\"  data-is_old_vc=\"\"  data-theme-support=\"\"   data-overlay=\"false\" data-overlay-color=\"\" data-overlay-pattern=\"\" data-overlay-pattern-opacity=\"\" data-overlay-pattern-size=\"\"    ><\/div><div class=\"vc_row wpb_row vc_row-fluid\"><div class=\"wpb_column vc_column_container vc_col-sm-12\"><div class=\"vc_column-inner\"><div class=\"wpb_wrapper\">\n\t<div class=\"wpb_text_column wpb_content_element\" >\n\t\t<div class=\"wpb_wrapper\">\n\t\t\t<h4>Esp\u00edritu empresarial: convertir la imaginaci\u00f3n en realidad<\/h4>\n<p>En esta conferencia, <strong>Sr. El Haddaoui<\/strong> ha propuesto un enfoque \u00fanico del esp\u00edritu empresarial, defini\u00e9ndolo como \"<strong>el arte de transformar la imaginaci\u00f3n en realidad y convertir esa realidad en \u00e9xito<\/strong>\".<\/p>\n<p>Subray\u00f3 que el esp\u00edritu empresarial no consiste s\u00f3lo en crear una empresa, sino sobre todo en tener una mentalidad audaz y la capacidad de convertir las ideas en realidad.<\/p>\n<p>Las tres fuerzas fundamentales del empresario :<\/p>\n\n\t\t<\/div>\n\t<\/div>\n<\/div><\/div><\/div><\/div><div class=\"vc_row wpb_row vc_row-fluid\"><div class=\"wpb_column vc_column_container vc_col-sm-12\"><div class=\"vc_column-inner\"><div class=\"wpb_wrapper\">\n\t<div class=\"wpb_text_column wpb_content_element\" >\n\t\t<div class=\"wpb_wrapper\">\n\t\t\t<h4>1. Fuerza espiritual<\/h4>\n<p>L'<strong>iniciativa empresarial<\/strong> comienza con una energ\u00eda interior, una fuerza que le permite superar la adversidad y dar sentido a su proyecto.<strong> Sr. El Haddaoui<\/strong> destac\u00f3 la importancia de :<br \/>\n<strong>-<\/strong> <strong>Autoconfianza<\/strong>que le permite actuar con confianza y superar el miedo al fracaso.<br \/>\n<strong>- Fe en el proyecto,<\/strong> esencial para perseverar a pesar de los obst\u00e1culos.<br \/>\n<strong>- Equilibrio emocional<\/strong>Esta es la clave para gestionar los retos y tomar decisiones con conocimiento de causa.<\/p>\n\n\t\t<\/div>\n\t<\/div>\n<\/div><\/div><\/div><\/div><div class=\"vc_row wpb_row vc_row-fluid\"><div class=\"wpb_column vc_column_container vc_col-sm-12\"><div class=\"vc_column-inner\"><div class=\"wpb_wrapper\">\n\t<div class=\"wpb_text_column wpb_content_element\" >\n\t\t<div class=\"wpb_wrapper\">\n\t\t\t<h4>2. Fuerza personal<\/h4>\n<p>L'<strong>contratista<\/strong> es un <strong>caza<\/strong>impulsada por una visi\u00f3n y una determinaci\u00f3n inquebrantables. Esta fuerza se basa en :<br \/>\n<strong>- El esp\u00edritu competitivo<\/strong>que nos impulsa a superarnos y a esforzarnos constantemente por mejorar.<br \/>\n<strong>- Resiliencia,<\/strong> que convierte los fracasos en oportunidades de aprendizaje.<br \/>\n<strong>- El poder de la creaci\u00f3n<\/strong>Porque innovar es saber imaginar y poner en pr\u00e1ctica nuevas ideas.<br \/>\n<strong>- Contemplaci\u00f3n<\/strong>Le permite observar, analizar y encontrar inspiraci\u00f3n en su entorno.<\/p>\n\n\t\t<\/div>\n\t<\/div>\n<\/div><\/div><\/div><\/div><div class=\"vc_row wpb_row vc_row-fluid\"><div class=\"wpb_column vc_column_container vc_col-sm-12\"><div class=\"vc_column-inner\"><div class=\"wpb_wrapper\">\n\t<div class=\"wpb_text_column wpb_content_element\" >\n\t\t<div class=\"wpb_wrapper\">\n\t\t\t<h4>3. Fuerza intelectual<\/h4>\n<p>Una visi\u00f3n clara y la capacidad de an\u00e1lisis son bazas fundamentales para el \u00e9xito de una empresa. <strong>iniciativa empresarial<\/strong>. <strong>Sr. El Haddaoui<\/strong> explic\u00f3 que :<br \/>\n<strong>- Actitud mental<\/strong>Un enfoque positivo y proactivo influye directamente en el \u00e9xito.<br \/>\n<strong>- Fundamentos de la gesti\u00f3n<\/strong> son esenciales para estructurar y gestionar eficazmente un proyecto.<br \/>\n<strong>- Conocimiento del mercado<\/strong> nos permite anticipar tendencias y responder mejor a las necesidades de los clientes.<br \/>\n<strong>- Una estrategia de marketing<\/strong> es esencial si quiere posicionarse y atraer a sus clientes objetivo.<\/p>\n\n\t\t<\/div>\n\t<\/div>\n<\/div><\/div><\/div><\/div><div class=\"vc_row wpb_row vc_row-fluid\"><div class=\"wpb_column vc_column_container vc_col-sm-12\"><div class=\"vc_column-inner\"><div class=\"wpb_wrapper\">\n\t<div class=\"wpb_text_column wpb_content_element\" >\n\t\t<div class=\"wpb_wrapper\">\n\t\t\t<h4>Un mensaje inspirador para los futuros empresarios<\/h4>\n<p>Esta conferencia tuvo un profundo efecto en los participantes, ofreci\u00e9ndoles una nueva perspectiva sobre <strong>iniciativa empresarial<\/strong>. M\u00e1s que un enfoque empresarial, es <strong>una filosof\u00eda de vida<\/strong>Es una fuerza que permite a la gente dar vida a sus ideas y tener un impacto positivo en la sociedad.<\/p>\n<p>A trav\u00e9s de este acto, la<strong>OFPPT<\/strong> confirma su compromiso de apoyar a sus estudiantes y formadores en el desarrollo de una cultura empresarial visionaria y sostenible.<\/p>\n\n\t\t<\/div>\n\t<\/div>\n<\/div><\/div><\/div><\/div>\n<\/div>","protected":false},"excerpt":{"rendered":"Yassir El Haddaoui, Director General de Union Accessoires y especialista en marketing, pronunci\u00f3 recientemente una inspiradora conferencia en la OFPPT. Dirigido a estudiantes y formadores, el acto se centr\u00f3 en \"La filosof\u00eda del esp\u00edritu empresarial\", un m\u00f3dulo innovador que explora el esp\u00edritu empresarial desde un \u00e1ngulo visionario y filos\u00f3fico. Esp\u00edritu empresarial: convertir la imaginaci\u00f3n en realidad En esta conferencia, [...]","protected":false},"author":2,"featured_media":228267,"comment_status":"closed","ping_status":"closed","sticky":false,"template":"","format":"standard","meta":{"_monsterinsights_skip_tracking":false,"_monsterinsights_sitenote_active":false,"_monsterinsights_sitenote_note":"","_monsterinsights_sitenote_category":0,"_joinchat":[],"footnotes":""},"categories":[40],"tags":[41],"class_list":["post-228240","post","type-post","status-publish","format-standard","has-post-thumbnail","hentry","category-blog","tag-blog"],"yoast_head":"<!-- This site is optimized with the Yoast SEO plugin v25.9 - https:\/\/yoast.com\/wordpress\/plugins\/seo\/ -->\n<title>Une Confe\u0301rence anime\u0301e par M. Yassir El Haddaoui sur la Philosophie de l\u2019Entrepreneuriat a\u0300 l\u2019OFPPT en Pre\u0301sence des Formateurs et des E\u0301tudiants - Union Accessoires<\/title>\n<meta name=\"robots\" content=\"index, follow, max-snippet:-1, max-image-preview:large, max-video-preview:-1\" \/>\n<link rel=\"canonical\" href=\"https:\/\/unionaccessoires.ma\/es\/conferencia-de-m-yassir-el-haddaoui-sobre-la-filosofia-del-empresariado-en-el-lofppt-en-presencia-de-formadores-y-estudiantes\/\" \/>\n<meta property=\"og:locale\" content=\"es_ES\" \/>\n<meta property=\"og:type\" content=\"article\" \/>\n<meta property=\"og:title\" content=\"Une Confe\u0301rence anime\u0301e par M. Yassir El Haddaoui sur la Philosophie de l\u2019Entrepreneuriat a\u0300 l\u2019OFPPT en Pre\u0301sence des Formateurs et des E\u0301tudiants - Union Accessoires\" \/>\n<meta property=\"og:url\" content=\"https:\/\/unionaccessoires.ma\/es\/conferencia-de-m-yassir-el-haddaoui-sobre-la-filosofia-del-empresariado-en-el-lofppt-en-presencia-de-formadores-y-estudiantes\/\" \/>\n<meta property=\"og:site_name\" content=\"Union Accessoires\" \/>\n<meta property=\"article:published_time\" content=\"2025-03-03T16:00:23+00:00\" \/>\n<meta property=\"article:modified_time\" content=\"2025-03-04T11:22:39+00:00\" \/>\n<meta property=\"og:image\" content=\"https:\/\/unionaccessoires.ma\/wp-content\/uploads\/2025\/03\/LA-PHILOSOPHIE-DE-LENTREPRENARIAT.jpg\" \/>\n\t<meta property=\"og:image:width\" content=\"1366\" \/>\n\t<meta property=\"og:image:height\" content=\"768\" \/>\n\t<meta property=\"og:image:type\" content=\"image\/jpeg\" \/>\n<meta name=\"author\" content=\"Samia\" \/>\n<meta name=\"twitter:card\" content=\"summary_large_image\" \/>\n<meta name=\"twitter:label1\" content=\"Escrito por\" \/>\n\t<meta name=\"twitter:data1\" content=\"Samia\" \/>\n\t<meta name=\"twitter:label2\" content=\"Tiempo de lectura\" \/>\n\t<meta name=\"twitter:data2\" content=\"3 minutos\" \/>\n<script type=\"application\/ld+json\" class=\"yoast-schema-graph\">{\"@context\":\"https:\/\/schema.org\",\"@graph\":[{\"@type\":\"Article\",\"@id\":\"https:\/\/unionaccessoires.ma\/une-conference-animee-par-m-yassir-el-haddaoui-sur-la-philosophie-de-lentrepreneuriat-a-lofppt-en-presence-des-formateurs-et-des-etudiants\/#article\",\"isPartOf\":{\"@id\":\"https:\/\/unionaccessoires.ma\/une-conference-animee-par-m-yassir-el-haddaoui-sur-la-philosophie-de-lentrepreneuriat-a-lofppt-en-presence-des-formateurs-et-des-etudiants\/\"},\"author\":{\"name\":\"Samia\",\"@id\":\"https:\/\/unionaccessoires.ma\/#\/schema\/person\/4d278c9c361bffb2e924e06a6db55af0\"},\"headline\":\"Une Confe\u0301rence anime\u0301e par M. Yassir El Haddaoui sur la Philosophie de l\u2019Entrepreneuriat a\u0300 l\u2019OFPPT en Pre\u0301sence des Formateurs et des E\u0301tudiants\",\"datePublished\":\"2025-03-03T16:00:23+00:00\",\"dateModified\":\"2025-03-04T11:22:39+00:00\",\"mainEntityOfPage\":{\"@id\":\"https:\/\/unionaccessoires.ma\/une-conference-animee-par-m-yassir-el-haddaoui-sur-la-philosophie-de-lentrepreneuriat-a-lofppt-en-presence-des-formateurs-et-des-etudiants\/\"},\"wordCount\":655,\"publisher\":{\"@id\":\"https:\/\/unionaccessoires.ma\/#organization\"},\"image\":{\"@id\":\"https:\/\/unionaccessoires.ma\/une-conference-animee-par-m-yassir-el-haddaoui-sur-la-philosophie-de-lentrepreneuriat-a-lofppt-en-presence-des-formateurs-et-des-etudiants\/#primaryimage\"},\"thumbnailUrl\":\"https:\/\/unionaccessoires.ma\/wp-content\/uploads\/2025\/03\/LA-PHILOSOPHIE-DE-LENTREPRENARIAT.jpg\",\"keywords\":[\"Blog\"],\"articleSection\":[\"Blog\"],\"inLanguage\":\"es\"},{\"@type\":\"WebPage\",\"@id\":\"https:\/\/unionaccessoires.ma\/une-conference-animee-par-m-yassir-el-haddaoui-sur-la-philosophie-de-lentrepreneuriat-a-lofppt-en-presence-des-formateurs-et-des-etudiants\/\",\"url\":\"https:\/\/unionaccessoires.ma\/une-conference-animee-par-m-yassir-el-haddaoui-sur-la-philosophie-de-lentrepreneuriat-a-lofppt-en-presence-des-formateurs-et-des-etudiants\/\",\"name\":\"Une Confe\u0301rence anime\u0301e par M. Yassir El Haddaoui sur la Philosophie de l\u2019Entrepreneuriat a\u0300 l\u2019OFPPT en Pre\u0301sence des Formateurs et des E\u0301tudiants - Union Accessoires\",\"isPartOf\":{\"@id\":\"https:\/\/unionaccessoires.ma\/#website\"},\"primaryImageOfPage\":{\"@id\":\"https:\/\/unionaccessoires.ma\/une-conference-animee-par-m-yassir-el-haddaoui-sur-la-philosophie-de-lentrepreneuriat-a-lofppt-en-presence-des-formateurs-et-des-etudiants\/#primaryimage\"},\"image\":{\"@id\":\"https:\/\/unionaccessoires.ma\/une-conference-animee-par-m-yassir-el-haddaoui-sur-la-philosophie-de-lentrepreneuriat-a-lofppt-en-presence-des-formateurs-et-des-etudiants\/#primaryimage\"},\"thumbnailUrl\":\"https:\/\/unionaccessoires.ma\/wp-content\/uploads\/2025\/03\/LA-PHILOSOPHIE-DE-LENTREPRENARIAT.jpg\",\"datePublished\":\"2025-03-03T16:00:23+00:00\",\"dateModified\":\"2025-03-04T11:22:39+00:00\",\"breadcrumb\":{\"@id\":\"https:\/\/unionaccessoires.ma\/une-conference-animee-par-m-yassir-el-haddaoui-sur-la-philosophie-de-lentrepreneuriat-a-lofppt-en-presence-des-formateurs-et-des-etudiants\/#breadcrumb\"},\"inLanguage\":\"es\",\"potentialAction\":[{\"@type\":\"ReadAction\",\"target\":[\"https:\/\/unionaccessoires.ma\/une-conference-animee-par-m-yassir-el-haddaoui-sur-la-philosophie-de-lentrepreneuriat-a-lofppt-en-presence-des-formateurs-et-des-etudiants\/\"]}]},{\"@type\":\"ImageObject\",\"inLanguage\":\"es\",\"@id\":\"https:\/\/unionaccessoires.ma\/une-conference-animee-par-m-yassir-el-haddaoui-sur-la-philosophie-de-lentrepreneuriat-a-lofppt-en-presence-des-formateurs-et-des-etudiants\/#primaryimage\",\"url\":\"https:\/\/unionaccessoires.ma\/wp-content\/uploads\/2025\/03\/LA-PHILOSOPHIE-DE-LENTREPRENARIAT.jpg\",\"contentUrl\":\"https:\/\/unionaccessoires.ma\/wp-content\/uploads\/2025\/03\/LA-PHILOSOPHIE-DE-LENTREPRENARIAT.jpg\",\"width\":1366,\"height\":768},{\"@type\":\"BreadcrumbList\",\"@id\":\"https:\/\/unionaccessoires.ma\/une-conference-animee-par-m-yassir-el-haddaoui-sur-la-philosophie-de-lentrepreneuriat-a-lofppt-en-presence-des-formateurs-et-des-etudiants\/#breadcrumb\",\"itemListElement\":[{\"@type\":\"ListItem\",\"position\":1,\"name\":\"Accueil\",\"item\":\"https:\/\/unionaccessoires.ma\/\"},{\"@type\":\"ListItem\",\"position\":2,\"name\":\"Une Confe\u0301rence anime\u0301e par M. Yassir El Haddaoui sur la Philosophie de l\u2019Entrepreneuriat a\u0300 l\u2019OFPPT en Pre\u0301sence des Formateurs et des E\u0301tudiants\"}]},{\"@type\":\"WebSite\",\"@id\":\"https:\/\/unionaccessoires.ma\/#website\",\"url\":\"https:\/\/unionaccessoires.ma\/\",\"name\":\"Union Accessoires\",\"description\":\"\",\"publisher\":{\"@id\":\"https:\/\/unionaccessoires.ma\/#organization\"},\"potentialAction\":[{\"@type\":\"SearchAction\",\"target\":{\"@type\":\"EntryPoint\",\"urlTemplate\":\"https:\/\/unionaccessoires.ma\/?s={search_term_string}\"},\"query-input\":{\"@type\":\"PropertyValueSpecification\",\"valueRequired\":true,\"valueName\":\"search_term_string\"}}],\"inLanguage\":\"es\"},{\"@type\":\"Organization\",\"@id\":\"https:\/\/unionaccessoires.ma\/#organization\",\"name\":\"Union Accessoires\",\"url\":\"https:\/\/unionaccessoires.ma\/\",\"logo\":{\"@type\":\"ImageObject\",\"inLanguage\":\"es\",\"@id\":\"https:\/\/unionaccessoires.ma\/#\/schema\/logo\/image\/\",\"url\":\"https:\/\/unionaccessoires.ma\/wp-content\/uploads\/2024\/08\/un.png\",\"contentUrl\":\"https:\/\/unionaccessoires.ma\/wp-content\/uploads\/2024\/08\/un.png\",\"width\":3000,\"height\":3000,\"caption\":\"Union Accessoires\"},\"image\":{\"@id\":\"https:\/\/unionaccessoires.ma\/#\/schema\/logo\/image\/\"}},{\"@type\":\"Person\",\"@id\":\"https:\/\/unionaccessoires.ma\/#\/schema\/person\/4d278c9c361bffb2e924e06a6db55af0\",\"name\":\"Samia\",\"image\":{\"@type\":\"ImageObject\",\"inLanguage\":\"es\",\"@id\":\"https:\/\/unionaccessoires.ma\/#\/schema\/person\/image\/\",\"url\":\"https:\/\/secure.gravatar.com\/avatar\/fdc9c59c18f56e6724ac1384d0214c6e6595be1f9ebb55cc45e06f6e2798353e?s=96&d=mm&r=g\",\"contentUrl\":\"https:\/\/secure.gravatar.com\/avatar\/fdc9c59c18f56e6724ac1384d0214c6e6595be1f9ebb55cc45e06f6e2798353e?s=96&d=mm&r=g\",\"caption\":\"Samia\"},\"url\":\"https:\/\/unionaccessoires.ma\/es\/author\/samia\/\"}]}<\/script>\n<!-- \/ Yoast SEO plugin. -->","yoast_head_json":{"title":"Conferencia del Sr. Yassir El Haddaoui sobre la filosof\u00eda del esp\u00edritu empresarial en la OFPPT en presencia de formadores y estudiantes - Union Accessoires","robots":{"index":"index","follow":"follow","max-snippet":"max-snippet:-1","max-image-preview":"max-image-preview:large","max-video-preview":"max-video-preview:-1"},"canonical":"https:\/\/unionaccessoires.ma\/es\/conferencia-de-m-yassir-el-haddaoui-sobre-la-filosofia-del-empresariado-en-el-lofppt-en-presencia-de-formadores-y-estudiantes\/","og_locale":"es_ES","og_type":"article","og_title":"Une Confe\u0301rence anime\u0301e par M. Yassir El Haddaoui sur la Philosophie de l\u2019Entrepreneuriat a\u0300 l\u2019OFPPT en Pre\u0301sence des Formateurs et des E\u0301tudiants - Union Accessoires","og_url":"https:\/\/unionaccessoires.ma\/es\/conferencia-de-m-yassir-el-haddaoui-sobre-la-filosofia-del-empresariado-en-el-lofppt-en-presencia-de-formadores-y-estudiantes\/","og_site_name":"Union Accessoires","article_published_time":"2025-03-03T16:00:23+00:00","article_modified_time":"2025-03-04T11:22:39+00:00","og_image":[{"width":1366,"height":768,"url":"https:\/\/unionaccessoires.ma\/wp-content\/uploads\/2025\/03\/LA-PHILOSOPHIE-DE-LENTREPRENARIAT.jpg","type":"image\/jpeg"}],"author":"Samia","twitter_card":"summary_large_image","twitter_misc":{"Escrito por":"Samia","Tiempo de lectura":"3 minutos"},"schema":{"@context":"https:\/\/schema.org","@graph":[{"@type":"Article","@id":"https:\/\/unionaccessoires.ma\/une-conference-animee-par-m-yassir-el-haddaoui-sur-la-philosophie-de-lentrepreneuriat-a-lofppt-en-presence-des-formateurs-et-des-etudiants\/#article","isPartOf":{"@id":"https:\/\/unionaccessoires.ma\/une-conference-animee-par-m-yassir-el-haddaoui-sur-la-philosophie-de-lentrepreneuriat-a-lofppt-en-presence-des-formateurs-et-des-etudiants\/"},"author":{"name":"Samia","@id":"https:\/\/unionaccessoires.ma\/#\/schema\/person\/4d278c9c361bffb2e924e06a6db55af0"},"headline":"Une Confe\u0301rence anime\u0301e par M. Yassir El Haddaoui sur la Philosophie de l\u2019Entrepreneuriat a\u0300 l\u2019OFPPT en Pre\u0301sence des Formateurs et des E\u0301tudiants","datePublished":"2025-03-03T16:00:23+00:00","dateModified":"2025-03-04T11:22:39+00:00","mainEntityOfPage":{"@id":"https:\/\/unionaccessoires.ma\/une-conference-animee-par-m-yassir-el-haddaoui-sur-la-philosophie-de-lentrepreneuriat-a-lofppt-en-presence-des-formateurs-et-des-etudiants\/"},"wordCount":655,"publisher":{"@id":"https:\/\/unionaccessoires.ma\/#organization"},"image":{"@id":"https:\/\/unionaccessoires.ma\/une-conference-animee-par-m-yassir-el-haddaoui-sur-la-philosophie-de-lentrepreneuriat-a-lofppt-en-presence-des-formateurs-et-des-etudiants\/#primaryimage"},"thumbnailUrl":"https:\/\/unionaccessoires.ma\/wp-content\/uploads\/2025\/03\/LA-PHILOSOPHIE-DE-LENTREPRENARIAT.jpg","keywords":["Blog"],"articleSection":["Blog"],"inLanguage":"es"},{"@type":"WebPage","@id":"https:\/\/unionaccessoires.ma\/une-conference-animee-par-m-yassir-el-haddaoui-sur-la-philosophie-de-lentrepreneuriat-a-lofppt-en-presence-des-formateurs-et-des-etudiants\/","url":"https:\/\/unionaccessoires.ma\/une-conference-animee-par-m-yassir-el-haddaoui-sur-la-philosophie-de-lentrepreneuriat-a-lofppt-en-presence-des-formateurs-et-des-etudiants\/","name":"Conferencia del Sr. Yassir El Haddaoui sobre la filosof\u00eda del esp\u00edritu empresarial en la OFPPT en presencia de formadores y estudiantes - Union Accessoires","isPartOf":{"@id":"https:\/\/unionaccessoires.ma\/#website"},"primaryImageOfPage":{"@id":"https:\/\/unionaccessoires.ma\/une-conference-animee-par-m-yassir-el-haddaoui-sur-la-philosophie-de-lentrepreneuriat-a-lofppt-en-presence-des-formateurs-et-des-etudiants\/#primaryimage"},"image":{"@id":"https:\/\/unionaccessoires.ma\/une-conference-animee-par-m-yassir-el-haddaoui-sur-la-philosophie-de-lentrepreneuriat-a-lofppt-en-presence-des-formateurs-et-des-etudiants\/#primaryimage"},"thumbnailUrl":"https:\/\/unionaccessoires.ma\/wp-content\/uploads\/2025\/03\/LA-PHILOSOPHIE-DE-LENTREPRENARIAT.jpg","datePublished":"2025-03-03T16:00:23+00:00","dateModified":"2025-03-04T11:22:39+00:00","breadcrumb":{"@id":"https:\/\/unionaccessoires.ma\/une-conference-animee-par-m-yassir-el-haddaoui-sur-la-philosophie-de-lentrepreneuriat-a-lofppt-en-presence-des-formateurs-et-des-etudiants\/#breadcrumb"},"inLanguage":"es","potentialAction":[{"@type":"ReadAction","target":["https:\/\/unionaccessoires.ma\/une-conference-animee-par-m-yassir-el-haddaoui-sur-la-philosophie-de-lentrepreneuriat-a-lofppt-en-presence-des-formateurs-et-des-etudiants\/"]}]},{"@type":"ImageObject","inLanguage":"es","@id":"https:\/\/unionaccessoires.ma\/une-conference-animee-par-m-yassir-el-haddaoui-sur-la-philosophie-de-lentrepreneuriat-a-lofppt-en-presence-des-formateurs-et-des-etudiants\/#primaryimage","url":"https:\/\/unionaccessoires.ma\/wp-content\/uploads\/2025\/03\/LA-PHILOSOPHIE-DE-LENTREPRENARIAT.jpg","contentUrl":"https:\/\/unionaccessoires.ma\/wp-content\/uploads\/2025\/03\/LA-PHILOSOPHIE-DE-LENTREPRENARIAT.jpg","width":1366,"height":768},{"@type":"BreadcrumbList","@id":"https:\/\/unionaccessoires.ma\/une-conference-animee-par-m-yassir-el-haddaoui-sur-la-philosophie-de-lentrepreneuriat-a-lofppt-en-presence-des-formateurs-et-des-etudiants\/#breadcrumb","itemListElement":[{"@type":"ListItem","position":1,"name":"Accueil","item":"https:\/\/unionaccessoires.ma\/"},{"@type":"ListItem","position":2,"name":"Une Confe\u0301rence anime\u0301e par M. Yassir El Haddaoui sur la Philosophie de l\u2019Entrepreneuriat a\u0300 l\u2019OFPPT en Pre\u0301sence des Formateurs et des E\u0301tudiants"}]},{"@type":"WebSite","@id":"https:\/\/unionaccessoires.ma\/#website","url":"https:\/\/unionaccessoires.ma\/","name":"Accesorios de la Uni\u00f3n","description":"","publisher":{"@id":"https:\/\/unionaccessoires.ma\/#organization"},"potentialAction":[{"@type":"SearchAction","target":{"@type":"EntryPoint","urlTemplate":"https:\/\/unionaccessoires.ma\/?s={search_term_string}"},"query-input":{"@type":"PropertyValueSpecification","valueRequired":true,"valueName":"search_term_string"}}],"inLanguage":"es"},{"@type":"Organization","@id":"https:\/\/unionaccessoires.ma\/#organization","name":"Accesorios de la Uni\u00f3n","url":"https:\/\/unionaccessoires.ma\/","logo":{"@type":"ImageObject","inLanguage":"es","@id":"https:\/\/unionaccessoires.ma\/#\/schema\/logo\/image\/","url":"https:\/\/unionaccessoires.ma\/wp-content\/uploads\/2024\/08\/un.png","contentUrl":"https:\/\/unionaccessoires.ma\/wp-content\/uploads\/2024\/08\/un.png","width":3000,"height":3000,"caption":"Union Accessoires"},"image":{"@id":"https:\/\/unionaccessoires.ma\/#\/schema\/logo\/image\/"}},{"@type":"Person","@id":"https:\/\/unionaccessoires.ma\/#\/schema\/person\/4d278c9c361bffb2e924e06a6db55af0","name":"Samia","image":{"@type":"ImageObject","inLanguage":"es","@id":"https:\/\/unionaccessoires.ma\/#\/schema\/person\/image\/","url":"https:\/\/secure.gravatar.com\/avatar\/fdc9c59c18f56e6724ac1384d0214c6e6595be1f9ebb55cc45e06f6e2798353e?s=96&d=mm&r=g","contentUrl":"https:\/\/secure.gravatar.com\/avatar\/fdc9c59c18f56e6724ac1384d0214c6e6595be1f9ebb55cc45e06f6e2798353e?s=96&d=mm&r=g","caption":"Samia"},"url":"https:\/\/unionaccessoires.ma\/es\/author\/samia\/"}]}},"_links":{"self":[{"href":"https:\/\/unionaccessoires.ma\/es\/wp-json\/wp\/v2\/posts\/228240","targetHints":{"allow":["GET"]}}],"collection":[{"href":"https:\/\/unionaccessoires.ma\/es\/wp-json\/wp\/v2\/posts"}],"about":[{"href":"https:\/\/unionaccessoires.ma\/es\/wp-json\/wp\/v2\/types\/post"}],"author":[{"embeddable":true,"href":"https:\/\/unionaccessoires.ma\/es\/wp-json\/wp\/v2\/users\/2"}],"replies":[{"embeddable":true,"href":"https:\/\/unionaccessoires.ma\/es\/wp-json\/wp\/v2\/comments?post=228240"}],"version-history":[{"count":22,"href":"https:\/\/unionaccessoires.ma\/es\/wp-json\/wp\/v2\/posts\/228240\/revisions"}],"predecessor-version":[{"id":228268,"href":"https:\/\/unionaccessoires.ma\/es\/wp-json\/wp\/v2\/posts\/228240\/revisions\/228268"}],"wp:featuredmedia":[{"embeddable":true,"href":"https:\/\/unionaccessoires.ma\/es\/wp-json\/wp\/v2\/media\/228267"}],"wp:attachment":[{"href":"https:\/\/unionaccessoires.ma\/es\/wp-json\/wp\/v2\/media?parent=228240"}],"wp:term":[{"taxonomy":"category","embeddable":true,"href":"https:\/\/unionaccessoires.ma\/es\/wp-json\/wp\/v2\/categories?post=228240"},{"taxonomy":"post_tag","embeddable":true,"href":"https:\/\/unionaccessoires.ma\/es\/wp-json\/wp\/v2\/tags?post=228240"}],"curies":[{"name":"wp","href":"https:\/\/api.w.org\/{rel}","templated":true}]}}