{"id":228433,"date":"2025-10-17T10:27:14","date_gmt":"2025-10-17T08:27:14","guid":{"rendered":"https:\/\/unionaccessoires.ma\/?p=228433"},"modified":"2025-10-17T16:11:04","modified_gmt":"2025-10-17T14:11:04","slug":"desarrollo-profesional-y-vision-de-marketing-de-m-yassir-el-haddaoui","status":"publish","type":"post","link":"https:\/\/unionaccessoires.ma\/es\/desarrollo-profesional-y-vision-de-marketing-de-m-yassir-el-haddaoui\/","title":{"rendered":"Desarrollo profesional y visi\u00f3n comercial de Yassir El Haddaoui"},"content":{"rendered":"<div class=\"wpb-content-wrapper\"><div class=\"vc_row wpb_row vc_row-fluid\"><div class=\"wpb_column vc_column_container vc_col-sm-12\"><div class=\"vc_column-inner\"><div class=\"wpb_wrapper\">\n\t<div class=\"wpb_text_column wpb_content_element\" >\n\t\t<div class=\"wpb_wrapper\">\n\t\t\t<p><strong>Presentaci\u00f3n<\/strong> : M. <strong>Yassir El Haddaoui<\/strong> es un profesional reconocido en el \u00e1mbito de la<strong> edificio<\/strong>el <strong>marketing<\/strong> y <strong>prescripci\u00f3n<\/strong>. Con varios a\u00f1os de<strong>experiencia<\/strong>Ha progresado desde una posici\u00f3n de <strong>marco comercial<\/strong> a la de <strong>jefe de departamento<\/strong> <strong>comercializaci\u00f3n y prescripci\u00f3n<\/strong>mientras se desarrolla un <strong>una visi\u00f3n clara<\/strong> sobre el papel de <strong>marketing<\/strong> y estrategia en el \u00e9xito de <strong>empresas<\/strong>.<\/p>\n\n\t\t<\/div>\n\t<\/div>\n<\/div><\/div><\/div><\/div><div class=\"vc_row wpb_row vc_row-fluid\"><div class=\"wpb_column vc_column_container vc_col-sm-12\"><div class=\"vc_column-inner\"><div class=\"wpb_wrapper\">\n\t<div class=\"wpb_text_column wpb_content_element\" >\n\t\t<div class=\"wpb_wrapper\">\n\t\t\t<p><strong>Trayectoria profesional<\/strong> La carrera de M. <strong>El Haddaoui<\/strong> ilustra una <strong>progreso <\/strong>basado en <strong>competencia<\/strong> y el <strong>visi\u00f3n<\/strong> <strong>estrat\u00e9gico<\/strong>.<\/p>\n<ul>\n<li>Como <strong>marco comercial<\/strong>se centr\u00f3 en la <strong>entender el mercado <\/strong>y <strong>necesidades del cliente<\/strong>.<\/li>\n<li>Como <strong>director<\/strong> <strong>del departamento de marketing y prescripci\u00f3n<\/strong>ha estructurado <strong>m\u00e9todos de an\u00e1lisis<\/strong> y <strong>comunicaci\u00f3n<\/strong> adaptado a <strong>(arquitectos, oficinas de dise\u00f1o, promotores, etc.),<\/strong>).<\/li>\n<li>Como <strong>director del departamento de marketing y prescripci\u00f3n<\/strong>defini\u00f3 el <strong>estrategias globales<\/strong> de <strong>desarrollo<\/strong> y<strong>innovaci\u00f3n de productos<\/strong>.<\/li>\n<\/ul>\n<p>Este <strong>evoluci\u00f3n<\/strong> traduce el <strong>responsabilidad creciente<\/strong>el <strong>seguimiento comercial<\/strong> a la <strong>direcci\u00f3n estrat\u00e9gica<\/strong>.<\/p>\n\n\t\t<\/div>\n\t<\/div>\n<\/div><\/div><\/div><\/div><div class=\"vc_row wpb_row vc_row-fluid\"><div class=\"wpb_column vc_column_container vc_col-sm-12\"><div class=\"vc_column-inner\"><div class=\"wpb_wrapper\">\n\t<div class=\"wpb_text_column wpb_content_element\" >\n\t\t<div class=\"wpb_wrapper\">\n\t\t\t<p><strong><u>La diferencia entre un empleado y un empresario :<\/u><\/strong><\/p>\n<ul>\n<li>A <strong>empleado<\/strong> es responsable de su <strong>misiones<\/strong> y <strong>objetivos<\/strong> fijado por <strong>la empresa<\/strong>. Pone su <strong>competencias<\/strong> y contribuye a <strong>rendimiento colectivo<\/strong>.<\/li>\n<li>A <strong>contratista<\/strong> es responsable de <strong>visi\u00f3n global<\/strong>y <strong>resultados<\/strong>y <strong>gastos<\/strong> y <strong>desarrollo<\/strong> de <strong>la empresa<\/strong>. Debe saber gestionar <strong>prioridades<\/strong>tomando <strong>decisiones estrat\u00e9gicas<\/strong> y anticipar <strong>necesita<\/strong> <strong>de<\/strong> <strong>mercado<\/strong>.<\/li>\n<\/ul>\n\n\t\t<\/div>\n\t<\/div>\n\n\t<div class=\"wpb_text_column wpb_content_element\" >\n\t\t<div class=\"wpb_wrapper\">\n\t\t\t<p>Seg\u00fan Yassir El Haddaoui: \"Llegar a ser <strong>contratista<\/strong>el primer paso es adquirir <strong>s\u00f3lida experiencia<\/strong>comprender la <strong>terreno<\/strong> y aprender a lidiar con <strong>retos<\/strong>. \"<\/p>\n\n\t\t<\/div>\n\t<\/div>\n<\/div><\/div><\/div><\/div><div class=\"vc_row wpb_row vc_row-fluid\"><div class=\"wpb_column vc_column_container vc_col-sm-12\"><div class=\"vc_column-inner\"><div class=\"wpb_wrapper\">\n\t<div class=\"wpb_text_column wpb_content_element\" >\n\t\t<div class=\"wpb_wrapper\">\n\t\t\t<p><strong><u>Definici\u00f3n de marketing :<\/u><\/strong><\/p>\n<p>Le <strong>marketing<\/strong> es el conjunto de <strong>acciones<\/strong> habilitar <strong>estudiar<\/strong>, <strong>comprender<\/strong> y <strong>satisfacer<\/strong> <strong>necesidades del mercado<\/strong>. Se basa en cuatro <strong>pilares<\/strong> :<\/p>\n<ol>\n<li><strong>Le<\/strong> <strong>producto<\/strong> (definir un producto <strong>\u00fatil<\/strong> y <strong>eficiente<\/strong>),<\/li>\n<li><strong>Le<\/strong> <strong>precio<\/strong> (coloque el producto seg\u00fan la <strong>valor percibido<\/strong>),<\/li>\n<li><strong>La<\/strong> <strong>distribuci\u00f3n<\/strong> (garantizar <strong>disponibilidad<\/strong> y el <strong>log\u00edstica<\/strong>),<\/li>\n<li><strong>La<\/strong> <strong>comunicaci\u00f3n<\/strong> (hacer <strong>visite<\/strong> y <strong>valor<\/strong> el producto).<\/li>\n<\/ol>\n<p>A <strong>estrategia de marketing eficaz<\/strong> garantiza <strong>supervivencia<\/strong> y el <strong>crecimiento<\/strong> de <strong>la empresa<\/strong>.<\/p>\n<p><strong>Diagn\u00f3stico<\/strong> <strong>y estudios de mercado<\/strong> Todos los procedimientos <strong>marketing<\/strong> debe comenzar con un <strong>an\u00e1lisis competitivo<\/strong> y un <strong>an\u00e1lisis del mercado<\/strong>. Tienes que entender <strong>tendencias<\/strong>identificar <strong>segmentos<\/strong> <strong>objetivos<\/strong> y definir un <strong>pol\u00edtica de posicionamiento<\/strong> claro.<\/p>\n\n\t\t<\/div>\n\t<\/div>\n<\/div><\/div><\/div><\/div><div class=\"vc_row wpb_row vc_row-fluid\"><div class=\"wpb_column vc_column_container vc_col-sm-12\"><div class=\"vc_column-inner\"><div class=\"wpb_wrapper\">\n\t<div class=\"wpb_text_column wpb_content_element\" >\n\t\t<div class=\"wpb_wrapper\">\n\t\t\t<p><strong><u>La diferencia entre un producto de gran consumo y un producto t\u00e9cnico<\/u><\/strong> :<\/p>\n<ul>\n<li><strong>Le<\/strong> <strong>producto de masas <\/strong>se dirige a un p\u00fablico amplio,<\/li>\n<li><strong>El producto t\u00e9cnico<\/strong> responde a <strong>una necesidad espec\u00edfica<\/strong>a menudo <strong>profesional<\/strong>.<\/li>\n<\/ul>\n<p><strong>Prescripci\u00f3n: una estrategia de desarrollo sostenible<\/strong> En <strong>prescripci\u00f3n<\/strong> es un m\u00e9todo <strong>estrat\u00e9gico<\/strong> para dar a conocer el producto en el mercado. <strong>a largo plazo<\/strong>. Se basa en :<\/p>\n<ul>\n<li>La <strong>presentaci\u00f3n t\u00e9cnica del producto (cat\u00e1logos, fichas t\u00e9cnicas, estudios, publicidad en el punto de venta, etc.)<\/strong>),<\/li>\n<li>La <strong>relaci\u00f3n continua<\/strong> con los jugadores del <strong>edificio<\/strong><\/li>\n<li><strong>La<\/strong> <strong>propuesta<\/strong> <strong>soluciones a medida<\/strong> en <strong>necesidades del mercado<\/strong>.<\/li>\n<\/ul>\n<p>Mejora <strong>visibilidad<\/strong> el producto, desarrollar el <strong>conf\u00ede en<\/strong> y <strong>fidelizar<\/strong> el <strong>especificadores<\/strong>.<\/p>\n\n\t\t<\/div>\n\t<\/div>\n<\/div><\/div><\/div><\/div><div class=\"vc_row wpb_row vc_row-fluid\"><div class=\"wpb_column vc_column_container vc_col-sm-12\"><div class=\"vc_column-inner\"><div class=\"wpb_wrapper\">\n\t<div class=\"wpb_text_column wpb_content_element\" >\n\t\t<div class=\"wpb_wrapper\">\n\t\t\t<p><strong><u>La diferencia entre un prescriptor y un vendedor : <\/u><\/strong><\/p>\n<p>Le <strong>comercial<\/strong> s principal objetivo es <strong>venta directa<\/strong> y <strong>resultados a corto plazo<\/strong>. Le <strong>prescriptor<\/strong> act\u00faa sobre la <strong>reputaci\u00f3n<\/strong> y el <strong>recomendaci\u00f3n<\/strong> del producto. Trabaja en el <strong>a largo plazo<\/strong> para anclar el <strong>marca<\/strong> y calidad en la percepci\u00f3n del consumidor.<\/p>\n<p>Los dos papeles son <strong>adicional<\/strong> y necesario para <strong>desarrollo<\/strong> a <strong>empresa<\/strong>.<\/p>\n<p><strong><u>Claves del \u00e9xito : <\/u><\/strong><\/p>\n<p>El \u00e9xito profesional depende de varios factores: <strong>paciencia<\/strong>, <strong>organizaci\u00f3n<\/strong>, <strong>autoconocimiento<\/strong> y <strong>creaci\u00f3n de valor<\/strong>.<\/p>\n\n\t\t<\/div>\n\t<\/div>\n\n\t<div class=\"wpb_text_column wpb_content_element\" >\n\t\t<div class=\"wpb_wrapper\">\n\t\t\t<p>Seg\u00fan M. <strong>Yassir El Haddaoui<\/strong> En una carrera, la verdadera riqueza reside en la experiencia, la pasi\u00f3n y la perseverancia.<\/p>\n\n\t\t<\/div>\n\t<\/div>\n<\/div><\/div><\/div><\/div><div class=\"vc_row wpb_row vc_row-fluid\"><div class=\"wpb_column vc_column_container vc_col-sm-12\"><div class=\"vc_column-inner\"><div class=\"wpb_wrapper\">\n\t<div class=\"wpb_text_column wpb_content_element\" >\n\t\t<div class=\"wpb_wrapper\">\n\t\t\t<p><strong><u>Las empresas asociadas a esta visi\u00f3n<\/u><\/strong><u> :<\/u><\/p>\n<ul>\n<li><strong>Uni\u00f3n Accesorios :<\/strong> distribuidor de <strong>perfiles<\/strong> y <strong>accesorios<\/strong> <strong>en aluminio<\/strong> para <strong>windows<\/strong>, <strong>puertas<\/strong>, <strong>barandillas<\/strong> y <strong>fachadas<\/strong>.<\/li>\n<\/ul>\n<p><strong>Uni\u00f3n Am\u00e9nagement :<\/strong> fabricante de <strong>persianas enrollables <\/strong>marca<strong> espinela <\/strong>y distribuidor del<strong> sindicato de conductores<\/strong> y<strong> v2<\/strong>.<\/p>\n<ul>\n<li><strong>Concepto Jakalum :<\/strong> especialista <strong>sistemas de aluminio<\/strong> para la <strong>dise\u00f1o<\/strong> y el <strong>dise\u00f1o<\/strong>combinando <strong>innovaci\u00f3n<\/strong> y <strong>est\u00e9tica<\/strong>.<\/li>\n<\/ul>\n<p>Estos tres <strong>empresas<\/strong> comparten el mismo <strong>visi\u00f3n<\/strong> proponga <strong>soluciones<\/strong> <strong>en aluminio<\/strong> de <strong>calidad<\/strong>, <strong>sostenible<\/strong> y adaptado a <strong>necesidades profesionales<\/strong>.<\/p>\n\n\t\t<\/div>\n\t<\/div>\n<div class=\"vc_separator wpb_content_element vc_separator_align_center vc_sep_width_100 vc_sep_pos_align_center vc_sep_color_grey wpb_content_element vc_separator-has-text\" ><span class=\"vc_sep_holder vc_sep_holder_l\"><span class=\"vc_sep_line\"><\/span><\/span><h4>T\u00edtulo<\/h4><span class=\"vc_sep_holder vc_sep_holder_r\"><span class=\"vc_sep_line\"><\/span><\/span>\n<\/div><\/div><\/div><\/div><\/div><div class=\"vc_row wpb_row vc_row-fluid\"><div class=\"wpb_column vc_column_container vc_col-sm-12\"><div class=\"vc_column-inner\"><div class=\"wpb_wrapper\">\n\t<div class=\"wpb_video_widget wpb_content_element vc_clearfix   vc_video-aspect-ratio-169 vc_video-el-width-100 vc_video-align-center\" >\n\t\t<div class=\"wpb_wrapper\">\n\t\t\t<h2 class=\"wpb_heading wpb_video_heading\">\ud83c\udfa7Podcast - La carrera y la visi\u00f3n de Yassir El Haddaoui<\/h2>\n\t\t\t<div class=\"wpb_video_wrapper\"><iframe loading=\"lazy\" title=\"Podcast completo - La carrera y la visi\u00f3n de Yassir El Haddaoui\" width=\"500\" height=\"281\" src=\"https:\/\/www.youtube.com\/embed\/KF_J-sTkWSg?feature=oembed\" frameborder=\"0\" allow=\"accelerometer; autoplay; clipboard-write; encrypted-media; gyroscope; picture-in-picture; web-share\" referrerpolicy=\"strict-origin-when-cross-origin\" allowfullscreen><\/iframe><\/div>\n\t\t<\/div>\n\t<\/div>\n<\/div><\/div><\/div><\/div><div class=\"vc_row wpb_row vc_row-fluid\"><div class=\"wpb_column vc_column_container vc_col-sm-12\"><div class=\"vc_column-inner\"><div class=\"wpb_wrapper\"><\/div><\/div><\/div><\/div>\n<\/div>","protected":false},"excerpt":{"rendered":"Presentaci\u00f3n : El Sr. Yassir El Haddaoui es un profesional reconocido en los sectores de la construcci\u00f3n, el marketing y la prescripci\u00f3n. Con varios a\u00f1os de experiencia, ha pasado de ejecutivo de ventas a director del departamento de marketing y prescripci\u00f3n, al tiempo que ha desarrollado una visi\u00f3n clara del papel del marketing y la prescripci\u00f3n en [...].","protected":false},"author":2,"featured_media":228435,"comment_status":"closed","ping_status":"closed","sticky":false,"template":"","format":"standard","meta":{"_monsterinsights_skip_tracking":false,"_monsterinsights_sitenote_active":false,"_monsterinsights_sitenote_note":"","_monsterinsights_sitenote_category":0,"_joinchat":[],"footnotes":""},"categories":[40],"tags":[41],"class_list":["post-228433","post","type-post","status-publish","format-standard","has-post-thumbnail","hentry","category-blog","tag-blog"],"yoast_head":"<!-- This site is optimized with the Yoast SEO plugin v25.9 - https:\/\/yoast.com\/wordpress\/plugins\/seo\/ -->\n<title>L\u2019\u00e9volution de la carri\u00e8re et la vision marketing de M. Yassir El Haddaoui - Union Accessoires<\/title>\n<meta name=\"robots\" content=\"index, follow, max-snippet:-1, max-image-preview:large, max-video-preview:-1\" \/>\n<link rel=\"canonical\" href=\"https:\/\/unionaccessoires.ma\/es\/desarrollo-profesional-y-vision-de-marketing-de-m-yassir-el-haddaoui\/\" \/>\n<meta property=\"og:locale\" content=\"es_ES\" \/>\n<meta property=\"og:type\" content=\"article\" \/>\n<meta property=\"og:title\" content=\"L\u2019\u00e9volution de la carri\u00e8re et la vision marketing de M. Yassir El Haddaoui - Union Accessoires\" \/>\n<meta property=\"og:url\" content=\"https:\/\/unionaccessoires.ma\/es\/desarrollo-profesional-y-vision-de-marketing-de-m-yassir-el-haddaoui\/\" \/>\n<meta property=\"og:site_name\" content=\"Union Accessoires\" \/>\n<meta property=\"article:published_time\" content=\"2025-10-17T08:27:14+00:00\" \/>\n<meta property=\"article:modified_time\" content=\"2025-10-17T14:11:04+00:00\" \/>\n<meta property=\"og:image\" content=\"https:\/\/unionaccessoires.ma\/wp-content\/uploads\/2025\/10\/Green-Passive-Income-Ideas-YouTube-Thumbnail-1080x675-2.jpg\" \/>\n\t<meta property=\"og:image:width\" content=\"1080\" \/>\n\t<meta property=\"og:image:height\" content=\"675\" \/>\n\t<meta property=\"og:image:type\" content=\"image\/jpeg\" \/>\n<meta name=\"author\" content=\"Samia\" \/>\n<meta name=\"twitter:card\" content=\"summary_large_image\" \/>\n<meta name=\"twitter:label1\" content=\"Escrito por\" \/>\n\t<meta name=\"twitter:data1\" content=\"Samia\" \/>\n\t<meta name=\"twitter:label2\" content=\"Tiempo de lectura\" \/>\n\t<meta name=\"twitter:data2\" content=\"4 minutos\" \/>\n<script type=\"application\/ld+json\" class=\"yoast-schema-graph\">{\"@context\":\"https:\/\/schema.org\",\"@graph\":[{\"@type\":\"Article\",\"@id\":\"https:\/\/unionaccessoires.ma\/levolution-de-la-carriere-et-la-vision-marketing-de-m-yassir-el-haddaoui\/#article\",\"isPartOf\":{\"@id\":\"https:\/\/unionaccessoires.ma\/levolution-de-la-carriere-et-la-vision-marketing-de-m-yassir-el-haddaoui\/\"},\"author\":{\"name\":\"Samia\",\"@id\":\"https:\/\/unionaccessoires.ma\/#\/schema\/person\/4d278c9c361bffb2e924e06a6db55af0\"},\"headline\":\"L\u2019\u00e9volution de la carri\u00e8re et la vision marketing de M. Yassir El Haddaoui\",\"datePublished\":\"2025-10-17T08:27:14+00:00\",\"dateModified\":\"2025-10-17T14:11:04+00:00\",\"mainEntityOfPage\":{\"@id\":\"https:\/\/unionaccessoires.ma\/levolution-de-la-carriere-et-la-vision-marketing-de-m-yassir-el-haddaoui\/\"},\"wordCount\":897,\"publisher\":{\"@id\":\"https:\/\/unionaccessoires.ma\/#organization\"},\"image\":{\"@id\":\"https:\/\/unionaccessoires.ma\/levolution-de-la-carriere-et-la-vision-marketing-de-m-yassir-el-haddaoui\/#primaryimage\"},\"thumbnailUrl\":\"https:\/\/unionaccessoires.ma\/wp-content\/uploads\/2025\/10\/Green-Passive-Income-Ideas-YouTube-Thumbnail-1080x675-2.jpg\",\"keywords\":[\"Blog\"],\"articleSection\":[\"Blog\"],\"inLanguage\":\"es\"},{\"@type\":\"WebPage\",\"@id\":\"https:\/\/unionaccessoires.ma\/levolution-de-la-carriere-et-la-vision-marketing-de-m-yassir-el-haddaoui\/\",\"url\":\"https:\/\/unionaccessoires.ma\/levolution-de-la-carriere-et-la-vision-marketing-de-m-yassir-el-haddaoui\/\",\"name\":\"L\u2019\u00e9volution de la carri\u00e8re et la vision marketing de M. Yassir El Haddaoui - Union Accessoires\",\"isPartOf\":{\"@id\":\"https:\/\/unionaccessoires.ma\/#website\"},\"primaryImageOfPage\":{\"@id\":\"https:\/\/unionaccessoires.ma\/levolution-de-la-carriere-et-la-vision-marketing-de-m-yassir-el-haddaoui\/#primaryimage\"},\"image\":{\"@id\":\"https:\/\/unionaccessoires.ma\/levolution-de-la-carriere-et-la-vision-marketing-de-m-yassir-el-haddaoui\/#primaryimage\"},\"thumbnailUrl\":\"https:\/\/unionaccessoires.ma\/wp-content\/uploads\/2025\/10\/Green-Passive-Income-Ideas-YouTube-Thumbnail-1080x675-2.jpg\",\"datePublished\":\"2025-10-17T08:27:14+00:00\",\"dateModified\":\"2025-10-17T14:11:04+00:00\",\"breadcrumb\":{\"@id\":\"https:\/\/unionaccessoires.ma\/levolution-de-la-carriere-et-la-vision-marketing-de-m-yassir-el-haddaoui\/#breadcrumb\"},\"inLanguage\":\"es\",\"potentialAction\":[{\"@type\":\"ReadAction\",\"target\":[\"https:\/\/unionaccessoires.ma\/levolution-de-la-carriere-et-la-vision-marketing-de-m-yassir-el-haddaoui\/\"]}]},{\"@type\":\"ImageObject\",\"inLanguage\":\"es\",\"@id\":\"https:\/\/unionaccessoires.ma\/levolution-de-la-carriere-et-la-vision-marketing-de-m-yassir-el-haddaoui\/#primaryimage\",\"url\":\"https:\/\/unionaccessoires.ma\/wp-content\/uploads\/2025\/10\/Green-Passive-Income-Ideas-YouTube-Thumbnail-1080x675-2.jpg\",\"contentUrl\":\"https:\/\/unionaccessoires.ma\/wp-content\/uploads\/2025\/10\/Green-Passive-Income-Ideas-YouTube-Thumbnail-1080x675-2.jpg\",\"width\":1080,\"height\":675},{\"@type\":\"BreadcrumbList\",\"@id\":\"https:\/\/unionaccessoires.ma\/levolution-de-la-carriere-et-la-vision-marketing-de-m-yassir-el-haddaoui\/#breadcrumb\",\"itemListElement\":[{\"@type\":\"ListItem\",\"position\":1,\"name\":\"Accueil\",\"item\":\"https:\/\/unionaccessoires.ma\/\"},{\"@type\":\"ListItem\",\"position\":2,\"name\":\"L\u2019\u00e9volution de la carri\u00e8re et la vision marketing de M. Yassir El Haddaoui\"}]},{\"@type\":\"WebSite\",\"@id\":\"https:\/\/unionaccessoires.ma\/#website\",\"url\":\"https:\/\/unionaccessoires.ma\/\",\"name\":\"Union Accessoires\",\"description\":\"\",\"publisher\":{\"@id\":\"https:\/\/unionaccessoires.ma\/#organization\"},\"potentialAction\":[{\"@type\":\"SearchAction\",\"target\":{\"@type\":\"EntryPoint\",\"urlTemplate\":\"https:\/\/unionaccessoires.ma\/?s={search_term_string}\"},\"query-input\":{\"@type\":\"PropertyValueSpecification\",\"valueRequired\":true,\"valueName\":\"search_term_string\"}}],\"inLanguage\":\"es\"},{\"@type\":\"Organization\",\"@id\":\"https:\/\/unionaccessoires.ma\/#organization\",\"name\":\"Union Accessoires\",\"url\":\"https:\/\/unionaccessoires.ma\/\",\"logo\":{\"@type\":\"ImageObject\",\"inLanguage\":\"es\",\"@id\":\"https:\/\/unionaccessoires.ma\/#\/schema\/logo\/image\/\",\"url\":\"https:\/\/unionaccessoires.ma\/wp-content\/uploads\/2024\/08\/un.png\",\"contentUrl\":\"https:\/\/unionaccessoires.ma\/wp-content\/uploads\/2024\/08\/un.png\",\"width\":3000,\"height\":3000,\"caption\":\"Union Accessoires\"},\"image\":{\"@id\":\"https:\/\/unionaccessoires.ma\/#\/schema\/logo\/image\/\"}},{\"@type\":\"Person\",\"@id\":\"https:\/\/unionaccessoires.ma\/#\/schema\/person\/4d278c9c361bffb2e924e06a6db55af0\",\"name\":\"Samia\",\"image\":{\"@type\":\"ImageObject\",\"inLanguage\":\"es\",\"@id\":\"https:\/\/unionaccessoires.ma\/#\/schema\/person\/image\/\",\"url\":\"https:\/\/secure.gravatar.com\/avatar\/fdc9c59c18f56e6724ac1384d0214c6e6595be1f9ebb55cc45e06f6e2798353e?s=96&d=mm&r=g\",\"contentUrl\":\"https:\/\/secure.gravatar.com\/avatar\/fdc9c59c18f56e6724ac1384d0214c6e6595be1f9ebb55cc45e06f6e2798353e?s=96&d=mm&r=g\",\"caption\":\"Samia\"},\"url\":\"https:\/\/unionaccessoires.ma\/es\/author\/samia\/\"}]}<\/script>\n<!-- \/ Yoast SEO plugin. -->","yoast_head_json":{"title":"La evoluci\u00f3n profesional y la visi\u00f3n del marketing de Yassir El Haddaoui - Union Accessoires","robots":{"index":"index","follow":"follow","max-snippet":"max-snippet:-1","max-image-preview":"max-image-preview:large","max-video-preview":"max-video-preview:-1"},"canonical":"https:\/\/unionaccessoires.ma\/es\/desarrollo-profesional-y-vision-de-marketing-de-m-yassir-el-haddaoui\/","og_locale":"es_ES","og_type":"article","og_title":"L\u2019\u00e9volution de la carri\u00e8re et la vision marketing de M. Yassir El Haddaoui - Union Accessoires","og_url":"https:\/\/unionaccessoires.ma\/es\/desarrollo-profesional-y-vision-de-marketing-de-m-yassir-el-haddaoui\/","og_site_name":"Union Accessoires","article_published_time":"2025-10-17T08:27:14+00:00","article_modified_time":"2025-10-17T14:11:04+00:00","og_image":[{"width":1080,"height":675,"url":"https:\/\/unionaccessoires.ma\/wp-content\/uploads\/2025\/10\/Green-Passive-Income-Ideas-YouTube-Thumbnail-1080x675-2.jpg","type":"image\/jpeg"}],"author":"Samia","twitter_card":"summary_large_image","twitter_misc":{"Escrito por":"Samia","Tiempo de lectura":"4 minutos"},"schema":{"@context":"https:\/\/schema.org","@graph":[{"@type":"Article","@id":"https:\/\/unionaccessoires.ma\/levolution-de-la-carriere-et-la-vision-marketing-de-m-yassir-el-haddaoui\/#article","isPartOf":{"@id":"https:\/\/unionaccessoires.ma\/levolution-de-la-carriere-et-la-vision-marketing-de-m-yassir-el-haddaoui\/"},"author":{"name":"Samia","@id":"https:\/\/unionaccessoires.ma\/#\/schema\/person\/4d278c9c361bffb2e924e06a6db55af0"},"headline":"L\u2019\u00e9volution de la carri\u00e8re et la vision marketing de M. Yassir El Haddaoui","datePublished":"2025-10-17T08:27:14+00:00","dateModified":"2025-10-17T14:11:04+00:00","mainEntityOfPage":{"@id":"https:\/\/unionaccessoires.ma\/levolution-de-la-carriere-et-la-vision-marketing-de-m-yassir-el-haddaoui\/"},"wordCount":897,"publisher":{"@id":"https:\/\/unionaccessoires.ma\/#organization"},"image":{"@id":"https:\/\/unionaccessoires.ma\/levolution-de-la-carriere-et-la-vision-marketing-de-m-yassir-el-haddaoui\/#primaryimage"},"thumbnailUrl":"https:\/\/unionaccessoires.ma\/wp-content\/uploads\/2025\/10\/Green-Passive-Income-Ideas-YouTube-Thumbnail-1080x675-2.jpg","keywords":["Blog"],"articleSection":["Blog"],"inLanguage":"es"},{"@type":"WebPage","@id":"https:\/\/unionaccessoires.ma\/levolution-de-la-carriere-et-la-vision-marketing-de-m-yassir-el-haddaoui\/","url":"https:\/\/unionaccessoires.ma\/levolution-de-la-carriere-et-la-vision-marketing-de-m-yassir-el-haddaoui\/","name":"La evoluci\u00f3n profesional y la visi\u00f3n del marketing de Yassir El Haddaoui - Union Accessoires","isPartOf":{"@id":"https:\/\/unionaccessoires.ma\/#website"},"primaryImageOfPage":{"@id":"https:\/\/unionaccessoires.ma\/levolution-de-la-carriere-et-la-vision-marketing-de-m-yassir-el-haddaoui\/#primaryimage"},"image":{"@id":"https:\/\/unionaccessoires.ma\/levolution-de-la-carriere-et-la-vision-marketing-de-m-yassir-el-haddaoui\/#primaryimage"},"thumbnailUrl":"https:\/\/unionaccessoires.ma\/wp-content\/uploads\/2025\/10\/Green-Passive-Income-Ideas-YouTube-Thumbnail-1080x675-2.jpg","datePublished":"2025-10-17T08:27:14+00:00","dateModified":"2025-10-17T14:11:04+00:00","breadcrumb":{"@id":"https:\/\/unionaccessoires.ma\/levolution-de-la-carriere-et-la-vision-marketing-de-m-yassir-el-haddaoui\/#breadcrumb"},"inLanguage":"es","potentialAction":[{"@type":"ReadAction","target":["https:\/\/unionaccessoires.ma\/levolution-de-la-carriere-et-la-vision-marketing-de-m-yassir-el-haddaoui\/"]}]},{"@type":"ImageObject","inLanguage":"es","@id":"https:\/\/unionaccessoires.ma\/levolution-de-la-carriere-et-la-vision-marketing-de-m-yassir-el-haddaoui\/#primaryimage","url":"https:\/\/unionaccessoires.ma\/wp-content\/uploads\/2025\/10\/Green-Passive-Income-Ideas-YouTube-Thumbnail-1080x675-2.jpg","contentUrl":"https:\/\/unionaccessoires.ma\/wp-content\/uploads\/2025\/10\/Green-Passive-Income-Ideas-YouTube-Thumbnail-1080x675-2.jpg","width":1080,"height":675},{"@type":"BreadcrumbList","@id":"https:\/\/unionaccessoires.ma\/levolution-de-la-carriere-et-la-vision-marketing-de-m-yassir-el-haddaoui\/#breadcrumb","itemListElement":[{"@type":"ListItem","position":1,"name":"Accueil","item":"https:\/\/unionaccessoires.ma\/"},{"@type":"ListItem","position":2,"name":"L\u2019\u00e9volution de la carri\u00e8re et la vision marketing de M. Yassir El Haddaoui"}]},{"@type":"WebSite","@id":"https:\/\/unionaccessoires.ma\/#website","url":"https:\/\/unionaccessoires.ma\/","name":"Accesorios de la Uni\u00f3n","description":"","publisher":{"@id":"https:\/\/unionaccessoires.ma\/#organization"},"potentialAction":[{"@type":"SearchAction","target":{"@type":"EntryPoint","urlTemplate":"https:\/\/unionaccessoires.ma\/?s={search_term_string}"},"query-input":{"@type":"PropertyValueSpecification","valueRequired":true,"valueName":"search_term_string"}}],"inLanguage":"es"},{"@type":"Organization","@id":"https:\/\/unionaccessoires.ma\/#organization","name":"Accesorios de la Uni\u00f3n","url":"https:\/\/unionaccessoires.ma\/","logo":{"@type":"ImageObject","inLanguage":"es","@id":"https:\/\/unionaccessoires.ma\/#\/schema\/logo\/image\/","url":"https:\/\/unionaccessoires.ma\/wp-content\/uploads\/2024\/08\/un.png","contentUrl":"https:\/\/unionaccessoires.ma\/wp-content\/uploads\/2024\/08\/un.png","width":3000,"height":3000,"caption":"Union Accessoires"},"image":{"@id":"https:\/\/unionaccessoires.ma\/#\/schema\/logo\/image\/"}},{"@type":"Person","@id":"https:\/\/unionaccessoires.ma\/#\/schema\/person\/4d278c9c361bffb2e924e06a6db55af0","name":"Samia","image":{"@type":"ImageObject","inLanguage":"es","@id":"https:\/\/unionaccessoires.ma\/#\/schema\/person\/image\/","url":"https:\/\/secure.gravatar.com\/avatar\/fdc9c59c18f56e6724ac1384d0214c6e6595be1f9ebb55cc45e06f6e2798353e?s=96&d=mm&r=g","contentUrl":"https:\/\/secure.gravatar.com\/avatar\/fdc9c59c18f56e6724ac1384d0214c6e6595be1f9ebb55cc45e06f6e2798353e?s=96&d=mm&r=g","caption":"Samia"},"url":"https:\/\/unionaccessoires.ma\/es\/author\/samia\/"}]}},"_links":{"self":[{"href":"https:\/\/unionaccessoires.ma\/es\/wp-json\/wp\/v2\/posts\/228433","targetHints":{"allow":["GET"]}}],"collection":[{"href":"https:\/\/unionaccessoires.ma\/es\/wp-json\/wp\/v2\/posts"}],"about":[{"href":"https:\/\/unionaccessoires.ma\/es\/wp-json\/wp\/v2\/types\/post"}],"author":[{"embeddable":true,"href":"https:\/\/unionaccessoires.ma\/es\/wp-json\/wp\/v2\/users\/2"}],"replies":[{"embeddable":true,"href":"https:\/\/unionaccessoires.ma\/es\/wp-json\/wp\/v2\/comments?post=228433"}],"version-history":[{"count":13,"href":"https:\/\/unionaccessoires.ma\/es\/wp-json\/wp\/v2\/posts\/228433\/revisions"}],"predecessor-version":[{"id":228447,"href":"https:\/\/unionaccessoires.ma\/es\/wp-json\/wp\/v2\/posts\/228433\/revisions\/228447"}],"wp:featuredmedia":[{"embeddable":true,"href":"https:\/\/unionaccessoires.ma\/es\/wp-json\/wp\/v2\/media\/228435"}],"wp:attachment":[{"href":"https:\/\/unionaccessoires.ma\/es\/wp-json\/wp\/v2\/media?parent=228433"}],"wp:term":[{"taxonomy":"category","embeddable":true,"href":"https:\/\/unionaccessoires.ma\/es\/wp-json\/wp\/v2\/categories?post=228433"},{"taxonomy":"post_tag","embeddable":true,"href":"https:\/\/unionaccessoires.ma\/es\/wp-json\/wp\/v2\/tags?post=228433"}],"curies":[{"name":"wp","href":"https:\/\/api.w.org\/{rel}","templated":true}]}}