{"id":228053,"date":"2024-10-29T16:24:07","date_gmt":"2024-10-29T15:24:07","guid":{"rendered":"https:\/\/unionaccessoires.ma\/?p=228053"},"modified":"2024-10-29T16:24:07","modified_gmt":"2024-10-29T15:24:07","slug":"lalluminio-al-centro-dellarchitettura-moderna-armonia-tra-estetica-e-funzionalita","status":"publish","type":"post","link":"https:\/\/unionaccessoires.ma\/it\/lalluminio-al-centro-dellarchitettura-moderna-armonia-tra-estetica-e-funzionalita\/","title":{"rendered":"L'alluminio al centro dell'architettura moderna: armonia tra estetica e funzionalit\u00e0"},"content":{"rendered":"<div class=\"wpb-content-wrapper\"><div class=\"vc_row wpb_row vc_row-fluid vc_custom_1729855421391 vc_column-gap-30 vc_row-o-equal-height vc_row-o-content-middle vc_row-flex\"><div class=\"wpb_column vc_column_container vc_col-sm-12\"><div class=\"vc_column-inner\"><div class=\"wpb_wrapper\">\n\t<div class=\"wpb_text_column wpb_content_element\" >\n\t\t<div class=\"wpb_wrapper\">\n\t\t\t<h4>Alluminio e tendenze architettoniche moderne<\/h4>\n<p><strong>Alluminio<\/strong> \u00e8 diventato un materiale essenziale nel campo della <strong>architettura contemporanea<\/strong>. Sa <strong>leggerezza<\/strong>il suo <strong>sostenibilit\u00e0<\/strong> e il suo <strong>versatilit\u00e0<\/strong> lo rendono una scelta privilegiata per una moltitudine di applicazioni. Questo articolo analizza il modo in cui l'alluminio si inserisce nei nuovi <strong>tendenze<\/strong> <strong>architettonico<\/strong>incluso <strong>facciate in vetro<\/strong>il<strong> grandi baie<\/strong> e il <strong>design minimalista<\/strong>.<\/p>\n\n\t\t<\/div>\n\t<\/div>\n<\/div><\/div><\/div><\/div><!-- Row Backgrounds --><div class=\"upb_color\" data-bg-override=\"0\" data-bg-color=\"\" data-fadeout=\"\" data-fadeout-percentage=\"30\" data-parallax-content=\"\" data-parallax-content-sense=\"30\" data-row-effect-mobile-disable=\"true\" data-img-parallax-mobile-disable=\"true\" data-rtl=\"false\"  data-custom-vc-row=\"\"  data-vc=\"7.8\"  data-is_old_vc=\"\"  data-theme-support=\"\"   data-overlay=\"false\" data-overlay-color=\"\" data-overlay-pattern=\"\" data-overlay-pattern-opacity=\"\" data-overlay-pattern-size=\"\"    ><\/div><div class=\"vc_row wpb_row vc_row-fluid vc_custom_1729855454016\"><div class=\"wpb_column vc_column_container vc_col-sm-6\"><div class=\"vc_column-inner\"><div class=\"wpb_wrapper\">\n\t<div class=\"wpb_text_column wpb_content_element\" >\n\t\t<div class=\"wpb_wrapper\">\n\t\t\t<h4><strong>1. Le facciate<\/strong> smaltato<strong> Luminosit\u00e0 ottimale<\/strong><\/h4>\n<p>Il <strong>facciate in vetro<\/strong> sono una delle tendenze pi\u00f9 evidenti dell'architettura moderna. Consentono un'integrazione armoniosa tra interno ed esterno, massimizzando l'uso dello spazio. <strong>luce naturale<\/strong>. L'alluminio \u00e8 ideale per i telai di queste facciate per una serie di motivi:<\/p>\n<p><strong>Resistenza e leggerezza<\/strong> Alluminio: l'alluminio offre una resistenza e una leggerezza senza pari, consentendo di creare strutture eleganti senza compromettere la sicurezza.<\/p>\n<p><strong>Estetica contemporanea<\/strong> Disponibile in una variet\u00e0 di <strong>finiture<\/strong> e <strong>colori<\/strong>L'alluminio pu\u00f2 essere facilmente adattato a diversi stili architettonici, contribuendo all'aspetto complessivo di un edificio.<strong>armonia visiva<\/strong> edifici.<\/p>\n<p><strong>Durata<\/strong> : Resistente a <strong>corrosione<\/strong> L'alluminio, resistente agli agenti atmosferici, richiede poca manutenzione e rappresenta una scelta duratura per le facciate vetrate.<\/p>\n\n\t\t<\/div>\n\t<\/div>\n<\/div><\/div><\/div><div class=\"wpb_column vc_column_container vc_col-sm-6\"><div class=\"vc_column-inner\"><div class=\"wpb_wrapper\">\n\t<div  class=\"wpb_single_image wpb_content_element vc_align_center wpb_content_element vc_custom_1730212819129\">\n\t\t\n\t\t<figure class=\"wpb_wrapper vc_figure\">\n\t\t\t<div class=\"vc_single_image-wrapper   vc_box_border_grey\"><img decoding=\"async\" class=\"vc_single_image-img\" src=\"https:\/\/unionaccessoires.ma\/wp-content\/uploads\/2024\/10\/Facade-vec-4-1-400x479.jpg\" width=\"400\" height=\"479\" alt=\"Facciata vec (4) (1)\" title=\"Facciata vec (4) (1)\" loading=\"lazy\" \/><\/div>\n\t\t<\/figure>\n\t<\/div>\n<\/div><\/div><\/div><\/div><div class=\"vc_row wpb_row vc_row-fluid\"><div class=\"wpb_column vc_column_container vc_col-sm-6\"><div class=\"vc_column-inner\"><div class=\"wpb_wrapper\">\n\t<div class=\"wpb_text_column wpb_content_element\" >\n\t\t<div class=\"wpb_wrapper\">\n\t\t\t<h4>2. Grandi finestre: apertura sul mondo esterno<\/h4>\n<p>Il <strong>grandi baie<\/strong> sono anch'essi in voga, offrendo una vista ininterrotta sull'esterno e creando una sensazione di spazio. L'alluminio si presta perfettamente a questa tendenza:<\/p>\n<p><strong>Dimensioni<\/strong> Grazie alla sua resistenza, l'alluminio pu\u00f2 essere utilizzato per creare aperture pi\u00f9 ampie e pi\u00f9 alte senza bisogno di supporti solidi.<\/p>\n<p><strong>Design su misura<\/strong> : I sistemi di falegnameria in alluminio possono essere adattati alle esigenze specifiche di ogni progetto, consentendo di realizzare progetti che siano <strong>innovativo<\/strong> e <strong>personalizzato<\/strong>.<\/p>\n<p><strong>Efficienza energetica<\/strong> Nuove tecnologie per<strong>isolamento termico<\/strong> in alluminio contribuisce a migliorare l'efficienza energetica degli edifici, offrendo al contempo un design estetico.<\/p>\n\n\t\t<\/div>\n\t<\/div>\n<\/div><\/div><\/div><div class=\"wpb_column vc_column_container vc_col-sm-6\"><div class=\"vc_column-inner\"><div class=\"wpb_wrapper\">\n\t<div  class=\"wpb_single_image wpb_content_element vc_align_center wpb_content_element vc_custom_1730214697789\">\n\t\t\n\t\t<figure class=\"wpb_wrapper vc_figure\">\n\t\t\t<div class=\"vc_single_image-wrapper   vc_box_border_grey\"><img decoding=\"async\" class=\"vc_single_image-img\" src=\"https:\/\/unionaccessoires.ma\/wp-content\/uploads\/2024\/10\/pixelcut-export-400x479.png\" width=\"400\" height=\"479\" alt=\"pixelcut-export\" title=\"pixelcut-export\" loading=\"lazy\" \/><\/div>\n\t\t<\/figure>\n\t<\/div>\n<\/div><\/div><\/div><\/div><div class=\"vc_row wpb_row vc_row-fluid\"><div class=\"wpb_column vc_column_container vc_col-sm-6\"><div class=\"vc_column-inner\"><div class=\"wpb_wrapper\">\n\t<div class=\"wpb_text_column wpb_content_element\" >\n\t\t<div class=\"wpb_wrapper\">\n\t\t\t<h4>3. Design minimalista: semplicit\u00e0 ed eleganza<\/h4>\n<p>Le <strong>design minimalista<\/strong> privilegia la semplicit\u00e0 delle forme e dei materiali. L'alluminio, con il suo <strong>linee pulite<\/strong> e la sua flessibilit\u00e0 progettuale, \u00e8 perfettamente in linea con questa tendenza:<\/p>\n<p><strong>Linee sottili e moderne<\/strong> I profili in alluminio possono essere utilizzati per creare aperture con linee molto sottili, massimizzando la superficie vetrata e mantenendo una struttura solida.<\/p>\n<p><strong>Varie finiture<\/strong> L'alluminio pu\u00f2 essere <strong>anodizzato<\/strong> o <strong>dipinto<\/strong> in un'ampia gamma di colori, che offre numerose opzioni per adattarsi all'estetica minimalista senza aggiungere complessit\u00e0 visiva.<\/p>\n<p><strong>Integrazione senza problemi<\/strong> In uno spazio minimalista, l'alluminio pu\u00f2 essere utilizzato in modo discreto per integrare elementi funzionali e preservare l'estetica dello spazio.<strong>armonia<\/strong> dell'insieme.<\/p>\n\n\t\t<\/div>\n\t<\/div>\n<\/div><\/div><\/div><div class=\"wpb_column vc_column_container vc_col-sm-6\"><div class=\"vc_column-inner\"><div class=\"wpb_wrapper\">\n\t<div  class=\"wpb_single_image wpb_content_element vc_align_center wpb_content_element vc_custom_1730215302538\">\n\t\t\n\t\t<figure class=\"wpb_wrapper vc_figure\">\n\t\t\t<div class=\"vc_single_image-wrapper   vc_box_border_grey\"><img decoding=\"async\" class=\"vc_single_image-img\" src=\"https:\/\/unionaccessoires.ma\/wp-content\/uploads\/2024\/10\/Cloison-spinelle6-768x1024-1-400x479.jpg\" width=\"400\" height=\"479\" alt=\"Cloison-spinelle6-768x1024\" title=\"Cloison-spinelle6-768x1024\" loading=\"lazy\" \/><\/div>\n\t\t<\/figure>\n\t<\/div>\n<\/div><\/div><\/div><\/div><div class=\"vc_row wpb_row vc_row-fluid\"><div class=\"wpb_column vc_column_container vc_col-sm-12\"><div class=\"vc_column-inner\"><div class=\"wpb_wrapper\">\n\t<div class=\"wpb_text_column wpb_content_element\" >\n\t\t<div class=\"wpb_wrapper\">\n\t\t\t<h4>Conclusione<\/h4>\n<p>L'alluminio \u00e8 il materiale preferito da architetti e designer che vogliono soddisfare le esigenze delle moderne tendenze architettoniche. Che si tratti di facciate vetrate, di grandi finestre a golfo o di un design minimalista, l'alluminio combina <strong>prestazioni<\/strong>, <strong>estetica<\/strong> e <strong>sostenibilit\u00e0<\/strong>. Scegliendo l'alluminio per i vostri progetti architettonici, optate per una soluzione moderna e senza tempo, in grado di adattarsi ai cambiamenti del design contemporaneo.<\/p>\n\n\t\t<\/div>\n\t<\/div>\n<\/div><\/div><\/div><\/div>\n<\/div>","protected":false},"excerpt":{"rendered":"Alluminio e tendenze architettoniche moderne L'alluminio \u00e8 diventato un materiale essenziale nell'architettura contemporanea. La sua leggerezza, la sua durata e la sua versatilit\u00e0 lo rendono una scelta privilegiata per una moltitudine di applicazioni. Questo articolo analizza come l'alluminio si adatti alle nuove tendenze architettoniche, tra cui le facciate vetrate, le grandi finestre a golfo e il design minimalista. [...]","protected":false},"author":2,"featured_media":228050,"comment_status":"closed","ping_status":"closed","sticky":false,"template":"","format":"standard","meta":{"_monsterinsights_skip_tracking":false,"_monsterinsights_sitenote_active":false,"_monsterinsights_sitenote_note":"","_monsterinsights_sitenote_category":0,"_joinchat":[],"footnotes":""},"categories":[40],"tags":[41],"class_list":["post-228053","post","type-post","status-publish","format-standard","has-post-thumbnail","hentry","category-blog","tag-blog"],"yoast_head":"<!-- This site is optimized with the Yoast SEO plugin v25.9 - https:\/\/yoast.com\/wordpress\/plugins\/seo\/ -->\n<title>L&#039;aluminium au c\u0153ur de l&#039;architecture moderne : harmonie entre esth\u00e9tique et fonctionnalit\u00e9 - Union Accessoires<\/title>\n<meta name=\"robots\" content=\"index, follow, max-snippet:-1, max-image-preview:large, max-video-preview:-1\" \/>\n<link rel=\"canonical\" href=\"https:\/\/unionaccessoires.ma\/it\/lalluminio-al-centro-dellarchitettura-moderna-armonia-tra-estetica-e-funzionalita\/\" \/>\n<meta property=\"og:locale\" content=\"it_IT\" \/>\n<meta property=\"og:type\" content=\"article\" \/>\n<meta property=\"og:title\" content=\"L&#039;aluminium au c\u0153ur de l&#039;architecture moderne : harmonie entre esth\u00e9tique et fonctionnalit\u00e9 - Union Accessoires\" \/>\n<meta property=\"og:url\" content=\"https:\/\/unionaccessoires.ma\/it\/lalluminio-al-centro-dellarchitettura-moderna-armonia-tra-estetica-e-funzionalita\/\" \/>\n<meta property=\"og:site_name\" content=\"Union Accessoires\" \/>\n<meta property=\"article:published_time\" content=\"2024-10-29T15:24:07+00:00\" \/>\n<meta property=\"og:image\" content=\"https:\/\/unionaccessoires.ma\/wp-content\/uploads\/2024\/10\/BLOG-CV-1024x576.png\" \/>\n\t<meta property=\"og:image:width\" content=\"1024\" \/>\n\t<meta property=\"og:image:height\" content=\"576\" \/>\n\t<meta property=\"og:image:type\" content=\"image\/png\" \/>\n<meta name=\"author\" content=\"Samia\" \/>\n<meta name=\"twitter:card\" content=\"summary_large_image\" \/>\n<meta name=\"twitter:label1\" content=\"Scritto da\" \/>\n\t<meta name=\"twitter:data1\" content=\"Samia\" \/>\n\t<meta name=\"twitter:label2\" content=\"Tempo di lettura stimato\" \/>\n\t<meta name=\"twitter:data2\" content=\"4 minuti\" \/>\n<script type=\"application\/ld+json\" class=\"yoast-schema-graph\">{\"@context\":\"https:\/\/schema.org\",\"@graph\":[{\"@type\":\"Article\",\"@id\":\"https:\/\/unionaccessoires.ma\/laluminium-au-coeur-de-larchitecture-moderne-harmonie-entre-esthetique-et-fonctionnalite\/#article\",\"isPartOf\":{\"@id\":\"https:\/\/unionaccessoires.ma\/laluminium-au-coeur-de-larchitecture-moderne-harmonie-entre-esthetique-et-fonctionnalite\/\"},\"author\":{\"name\":\"Samia\",\"@id\":\"https:\/\/unionaccessoires.ma\/#\/schema\/person\/4d278c9c361bffb2e924e06a6db55af0\"},\"headline\":\"L&rsquo;aluminium au c\u0153ur de l&rsquo;architecture moderne : harmonie entre esth\u00e9tique et fonctionnalit\u00e9\",\"datePublished\":\"2024-10-29T15:24:07+00:00\",\"mainEntityOfPage\":{\"@id\":\"https:\/\/unionaccessoires.ma\/laluminium-au-coeur-de-larchitecture-moderne-harmonie-entre-esthetique-et-fonctionnalite\/\"},\"wordCount\":743,\"publisher\":{\"@id\":\"https:\/\/unionaccessoires.ma\/#organization\"},\"image\":{\"@id\":\"https:\/\/unionaccessoires.ma\/laluminium-au-coeur-de-larchitecture-moderne-harmonie-entre-esthetique-et-fonctionnalite\/#primaryimage\"},\"thumbnailUrl\":\"https:\/\/unionaccessoires.ma\/wp-content\/uploads\/2024\/10\/BLOG-CV.png\",\"keywords\":[\"Blog\"],\"articleSection\":[\"Blog\"],\"inLanguage\":\"it-IT\"},{\"@type\":\"WebPage\",\"@id\":\"https:\/\/unionaccessoires.ma\/laluminium-au-coeur-de-larchitecture-moderne-harmonie-entre-esthetique-et-fonctionnalite\/\",\"url\":\"https:\/\/unionaccessoires.ma\/laluminium-au-coeur-de-larchitecture-moderne-harmonie-entre-esthetique-et-fonctionnalite\/\",\"name\":\"L'aluminium au c\u0153ur de l'architecture moderne : harmonie entre esth\u00e9tique et fonctionnalit\u00e9 - Union Accessoires\",\"isPartOf\":{\"@id\":\"https:\/\/unionaccessoires.ma\/#website\"},\"primaryImageOfPage\":{\"@id\":\"https:\/\/unionaccessoires.ma\/laluminium-au-coeur-de-larchitecture-moderne-harmonie-entre-esthetique-et-fonctionnalite\/#primaryimage\"},\"image\":{\"@id\":\"https:\/\/unionaccessoires.ma\/laluminium-au-coeur-de-larchitecture-moderne-harmonie-entre-esthetique-et-fonctionnalite\/#primaryimage\"},\"thumbnailUrl\":\"https:\/\/unionaccessoires.ma\/wp-content\/uploads\/2024\/10\/BLOG-CV.png\",\"datePublished\":\"2024-10-29T15:24:07+00:00\",\"breadcrumb\":{\"@id\":\"https:\/\/unionaccessoires.ma\/laluminium-au-coeur-de-larchitecture-moderne-harmonie-entre-esthetique-et-fonctionnalite\/#breadcrumb\"},\"inLanguage\":\"it-IT\",\"potentialAction\":[{\"@type\":\"ReadAction\",\"target\":[\"https:\/\/unionaccessoires.ma\/laluminium-au-coeur-de-larchitecture-moderne-harmonie-entre-esthetique-et-fonctionnalite\/\"]}]},{\"@type\":\"ImageObject\",\"inLanguage\":\"it-IT\",\"@id\":\"https:\/\/unionaccessoires.ma\/laluminium-au-coeur-de-larchitecture-moderne-harmonie-entre-esthetique-et-fonctionnalite\/#primaryimage\",\"url\":\"https:\/\/unionaccessoires.ma\/wp-content\/uploads\/2024\/10\/BLOG-CV.png\",\"contentUrl\":\"https:\/\/unionaccessoires.ma\/wp-content\/uploads\/2024\/10\/BLOG-CV.png\",\"width\":1920,\"height\":1080},{\"@type\":\"BreadcrumbList\",\"@id\":\"https:\/\/unionaccessoires.ma\/laluminium-au-coeur-de-larchitecture-moderne-harmonie-entre-esthetique-et-fonctionnalite\/#breadcrumb\",\"itemListElement\":[{\"@type\":\"ListItem\",\"position\":1,\"name\":\"Accueil\",\"item\":\"https:\/\/unionaccessoires.ma\/\"},{\"@type\":\"ListItem\",\"position\":2,\"name\":\"L&rsquo;aluminium au c\u0153ur de l&rsquo;architecture moderne : harmonie entre esth\u00e9tique et fonctionnalit\u00e9\"}]},{\"@type\":\"WebSite\",\"@id\":\"https:\/\/unionaccessoires.ma\/#website\",\"url\":\"https:\/\/unionaccessoires.ma\/\",\"name\":\"Union Accessoires\",\"description\":\"\",\"publisher\":{\"@id\":\"https:\/\/unionaccessoires.ma\/#organization\"},\"potentialAction\":[{\"@type\":\"SearchAction\",\"target\":{\"@type\":\"EntryPoint\",\"urlTemplate\":\"https:\/\/unionaccessoires.ma\/?s={search_term_string}\"},\"query-input\":{\"@type\":\"PropertyValueSpecification\",\"valueRequired\":true,\"valueName\":\"search_term_string\"}}],\"inLanguage\":\"it-IT\"},{\"@type\":\"Organization\",\"@id\":\"https:\/\/unionaccessoires.ma\/#organization\",\"name\":\"Union Accessoires\",\"url\":\"https:\/\/unionaccessoires.ma\/\",\"logo\":{\"@type\":\"ImageObject\",\"inLanguage\":\"it-IT\",\"@id\":\"https:\/\/unionaccessoires.ma\/#\/schema\/logo\/image\/\",\"url\":\"https:\/\/unionaccessoires.ma\/wp-content\/uploads\/2024\/08\/un.png\",\"contentUrl\":\"https:\/\/unionaccessoires.ma\/wp-content\/uploads\/2024\/08\/un.png\",\"width\":3000,\"height\":3000,\"caption\":\"Union Accessoires\"},\"image\":{\"@id\":\"https:\/\/unionaccessoires.ma\/#\/schema\/logo\/image\/\"}},{\"@type\":\"Person\",\"@id\":\"https:\/\/unionaccessoires.ma\/#\/schema\/person\/4d278c9c361bffb2e924e06a6db55af0\",\"name\":\"Samia\",\"image\":{\"@type\":\"ImageObject\",\"inLanguage\":\"it-IT\",\"@id\":\"https:\/\/unionaccessoires.ma\/#\/schema\/person\/image\/\",\"url\":\"https:\/\/secure.gravatar.com\/avatar\/fdc9c59c18f56e6724ac1384d0214c6e6595be1f9ebb55cc45e06f6e2798353e?s=96&d=mm&r=g\",\"contentUrl\":\"https:\/\/secure.gravatar.com\/avatar\/fdc9c59c18f56e6724ac1384d0214c6e6595be1f9ebb55cc45e06f6e2798353e?s=96&d=mm&r=g\",\"caption\":\"Samia\"},\"url\":\"https:\/\/unionaccessoires.ma\/it\/author\/samia\/\"}]}<\/script>\n<!-- \/ Yoast SEO plugin. -->","yoast_head_json":{"title":"L'alluminio nel cuore dell'architettura moderna: armonia tra estetica e funzionalit\u00e0 - Union Accessoires","robots":{"index":"index","follow":"follow","max-snippet":"max-snippet:-1","max-image-preview":"max-image-preview:large","max-video-preview":"max-video-preview:-1"},"canonical":"https:\/\/unionaccessoires.ma\/it\/lalluminio-al-centro-dellarchitettura-moderna-armonia-tra-estetica-e-funzionalita\/","og_locale":"it_IT","og_type":"article","og_title":"L'aluminium au c\u0153ur de l'architecture moderne : harmonie entre esth\u00e9tique et fonctionnalit\u00e9 - Union Accessoires","og_url":"https:\/\/unionaccessoires.ma\/it\/lalluminio-al-centro-dellarchitettura-moderna-armonia-tra-estetica-e-funzionalita\/","og_site_name":"Union Accessoires","article_published_time":"2024-10-29T15:24:07+00:00","og_image":[{"width":1024,"height":576,"url":"https:\/\/unionaccessoires.ma\/wp-content\/uploads\/2024\/10\/BLOG-CV-1024x576.png","type":"image\/png"}],"author":"Samia","twitter_card":"summary_large_image","twitter_misc":{"Scritto da":"Samia","Tempo di lettura stimato":"4 minuti"},"schema":{"@context":"https:\/\/schema.org","@graph":[{"@type":"Article","@id":"https:\/\/unionaccessoires.ma\/laluminium-au-coeur-de-larchitecture-moderne-harmonie-entre-esthetique-et-fonctionnalite\/#article","isPartOf":{"@id":"https:\/\/unionaccessoires.ma\/laluminium-au-coeur-de-larchitecture-moderne-harmonie-entre-esthetique-et-fonctionnalite\/"},"author":{"name":"Samia","@id":"https:\/\/unionaccessoires.ma\/#\/schema\/person\/4d278c9c361bffb2e924e06a6db55af0"},"headline":"L&rsquo;aluminium au c\u0153ur de l&rsquo;architecture moderne : harmonie entre esth\u00e9tique et fonctionnalit\u00e9","datePublished":"2024-10-29T15:24:07+00:00","mainEntityOfPage":{"@id":"https:\/\/unionaccessoires.ma\/laluminium-au-coeur-de-larchitecture-moderne-harmonie-entre-esthetique-et-fonctionnalite\/"},"wordCount":743,"publisher":{"@id":"https:\/\/unionaccessoires.ma\/#organization"},"image":{"@id":"https:\/\/unionaccessoires.ma\/laluminium-au-coeur-de-larchitecture-moderne-harmonie-entre-esthetique-et-fonctionnalite\/#primaryimage"},"thumbnailUrl":"https:\/\/unionaccessoires.ma\/wp-content\/uploads\/2024\/10\/BLOG-CV.png","keywords":["Blog"],"articleSection":["Blog"],"inLanguage":"it-IT"},{"@type":"WebPage","@id":"https:\/\/unionaccessoires.ma\/laluminium-au-coeur-de-larchitecture-moderne-harmonie-entre-esthetique-et-fonctionnalite\/","url":"https:\/\/unionaccessoires.ma\/laluminium-au-coeur-de-larchitecture-moderne-harmonie-entre-esthetique-et-fonctionnalite\/","name":"L'alluminio nel cuore dell'architettura moderna: armonia tra estetica e funzionalit\u00e0 - Union Accessoires","isPartOf":{"@id":"https:\/\/unionaccessoires.ma\/#website"},"primaryImageOfPage":{"@id":"https:\/\/unionaccessoires.ma\/laluminium-au-coeur-de-larchitecture-moderne-harmonie-entre-esthetique-et-fonctionnalite\/#primaryimage"},"image":{"@id":"https:\/\/unionaccessoires.ma\/laluminium-au-coeur-de-larchitecture-moderne-harmonie-entre-esthetique-et-fonctionnalite\/#primaryimage"},"thumbnailUrl":"https:\/\/unionaccessoires.ma\/wp-content\/uploads\/2024\/10\/BLOG-CV.png","datePublished":"2024-10-29T15:24:07+00:00","breadcrumb":{"@id":"https:\/\/unionaccessoires.ma\/laluminium-au-coeur-de-larchitecture-moderne-harmonie-entre-esthetique-et-fonctionnalite\/#breadcrumb"},"inLanguage":"it-IT","potentialAction":[{"@type":"ReadAction","target":["https:\/\/unionaccessoires.ma\/laluminium-au-coeur-de-larchitecture-moderne-harmonie-entre-esthetique-et-fonctionnalite\/"]}]},{"@type":"ImageObject","inLanguage":"it-IT","@id":"https:\/\/unionaccessoires.ma\/laluminium-au-coeur-de-larchitecture-moderne-harmonie-entre-esthetique-et-fonctionnalite\/#primaryimage","url":"https:\/\/unionaccessoires.ma\/wp-content\/uploads\/2024\/10\/BLOG-CV.png","contentUrl":"https:\/\/unionaccessoires.ma\/wp-content\/uploads\/2024\/10\/BLOG-CV.png","width":1920,"height":1080},{"@type":"BreadcrumbList","@id":"https:\/\/unionaccessoires.ma\/laluminium-au-coeur-de-larchitecture-moderne-harmonie-entre-esthetique-et-fonctionnalite\/#breadcrumb","itemListElement":[{"@type":"ListItem","position":1,"name":"Accueil","item":"https:\/\/unionaccessoires.ma\/"},{"@type":"ListItem","position":2,"name":"L&rsquo;aluminium au c\u0153ur de l&rsquo;architecture moderne : harmonie entre esth\u00e9tique et fonctionnalit\u00e9"}]},{"@type":"WebSite","@id":"https:\/\/unionaccessoires.ma\/#website","url":"https:\/\/unionaccessoires.ma\/","name":"Accessori Union","description":"","publisher":{"@id":"https:\/\/unionaccessoires.ma\/#organization"},"potentialAction":[{"@type":"SearchAction","target":{"@type":"EntryPoint","urlTemplate":"https:\/\/unionaccessoires.ma\/?s={search_term_string}"},"query-input":{"@type":"PropertyValueSpecification","valueRequired":true,"valueName":"search_term_string"}}],"inLanguage":"it-IT"},{"@type":"Organization","@id":"https:\/\/unionaccessoires.ma\/#organization","name":"Accessori Union","url":"https:\/\/unionaccessoires.ma\/","logo":{"@type":"ImageObject","inLanguage":"it-IT","@id":"https:\/\/unionaccessoires.ma\/#\/schema\/logo\/image\/","url":"https:\/\/unionaccessoires.ma\/wp-content\/uploads\/2024\/08\/un.png","contentUrl":"https:\/\/unionaccessoires.ma\/wp-content\/uploads\/2024\/08\/un.png","width":3000,"height":3000,"caption":"Union Accessoires"},"image":{"@id":"https:\/\/unionaccessoires.ma\/#\/schema\/logo\/image\/"}},{"@type":"Person","@id":"https:\/\/unionaccessoires.ma\/#\/schema\/person\/4d278c9c361bffb2e924e06a6db55af0","name":"Samia","image":{"@type":"ImageObject","inLanguage":"it-IT","@id":"https:\/\/unionaccessoires.ma\/#\/schema\/person\/image\/","url":"https:\/\/secure.gravatar.com\/avatar\/fdc9c59c18f56e6724ac1384d0214c6e6595be1f9ebb55cc45e06f6e2798353e?s=96&d=mm&r=g","contentUrl":"https:\/\/secure.gravatar.com\/avatar\/fdc9c59c18f56e6724ac1384d0214c6e6595be1f9ebb55cc45e06f6e2798353e?s=96&d=mm&r=g","caption":"Samia"},"url":"https:\/\/unionaccessoires.ma\/it\/author\/samia\/"}]}},"_links":{"self":[{"href":"https:\/\/unionaccessoires.ma\/it\/wp-json\/wp\/v2\/posts\/228053","targetHints":{"allow":["GET"]}}],"collection":[{"href":"https:\/\/unionaccessoires.ma\/it\/wp-json\/wp\/v2\/posts"}],"about":[{"href":"https:\/\/unionaccessoires.ma\/it\/wp-json\/wp\/v2\/types\/post"}],"author":[{"embeddable":true,"href":"https:\/\/unionaccessoires.ma\/it\/wp-json\/wp\/v2\/users\/2"}],"replies":[{"embeddable":true,"href":"https:\/\/unionaccessoires.ma\/it\/wp-json\/wp\/v2\/comments?post=228053"}],"version-history":[{"count":22,"href":"https:\/\/unionaccessoires.ma\/it\/wp-json\/wp\/v2\/posts\/228053\/revisions"}],"predecessor-version":[{"id":228079,"href":"https:\/\/unionaccessoires.ma\/it\/wp-json\/wp\/v2\/posts\/228053\/revisions\/228079"}],"wp:featuredmedia":[{"embeddable":true,"href":"https:\/\/unionaccessoires.ma\/it\/wp-json\/wp\/v2\/media\/228050"}],"wp:attachment":[{"href":"https:\/\/unionaccessoires.ma\/it\/wp-json\/wp\/v2\/media?parent=228053"}],"wp:term":[{"taxonomy":"category","embeddable":true,"href":"https:\/\/unionaccessoires.ma\/it\/wp-json\/wp\/v2\/categories?post=228053"},{"taxonomy":"post_tag","embeddable":true,"href":"https:\/\/unionaccessoires.ma\/it\/wp-json\/wp\/v2\/tags?post=228053"}],"curies":[{"name":"wp","href":"https:\/\/api.w.org\/{rel}","templated":true}]}}