{"id":228240,"date":"2025-03-03T17:00:23","date_gmt":"2025-03-03T16:00:23","guid":{"rendered":"https:\/\/unionaccessoires.ma\/?p=228240"},"modified":"2025-03-04T12:22:39","modified_gmt":"2025-03-04T11:22:39","slug":"conferenza-di-m-yassir-el-haddaoui-sulla-filosofia-dellimprenditorialita-al-lofppt-in-presenza-di-formatori-e-studenti","status":"publish","type":"post","link":"https:\/\/unionaccessoires.ma\/it\/conferenza-di-m-yassir-el-haddaoui-sulla-filosofia-dellimprenditorialita-al-lofppt-in-presenza-di-formatori-e-studenti\/","title":{"rendered":"Conferenza di Yassir El Haddaoui sulla filosofia dell'imprenditorialit\u00e0 presso l'OFPPT, alla presenza di formatori e studenti."},"content":{"rendered":"<div class=\"wpb-content-wrapper\"><div class=\"vc_row wpb_row vc_row-fluid\"><div class=\"wpb_column vc_column_container vc_col-sm-12\"><div class=\"vc_column-inner\"><div class=\"wpb_wrapper\">\n\t<div  class=\"wpb_single_image wpb_content_element vc_align_center wpb_content_element\">\n\t\t\n\t\t<figure class=\"wpb_wrapper vc_figure\">\n\t\t\t<div class=\"vc_single_image-wrapper   vc_box_border_grey\"><img decoding=\"async\" class=\"vc_single_image-img\" src=\"https:\/\/unionaccessoires.ma\/wp-content\/uploads\/2025\/03\/1-BLOG-1360x760.jpg\" width=\"1360\" height=\"760\" alt=\"1 BLOG\" title=\"1 BLOG\" loading=\"lazy\" \/><\/div>\n\t\t<\/figure>\n\t<\/div>\n<\/div><\/div><\/div><\/div><div class=\"vc_row wpb_row vc_row-fluid vc_custom_1729855421391 vc_column-gap-30 vc_row-o-equal-height vc_row-o-content-middle vc_row-flex\"><div class=\"wpb_column vc_column_container vc_col-sm-12\"><div class=\"vc_column-inner\"><div class=\"wpb_wrapper\">\n\t<div class=\"wpb_text_column wpb_content_element\" >\n\t\t<div class=\"wpb_wrapper\">\n\t\t\t<p>M. <strong>Yassir El Haddaoui<\/strong>Direttore generale di<strong>Accessori Union<\/strong> e <strong>specialista di marketing<\/strong>ha recentemente tenuto un discorso stimolante al<strong>OFPPT<\/strong>. Progettato per <strong>studenti<\/strong> e <strong>formatori<\/strong>Questo evento si \u00e8 concentrato su<strong>La filosofia dell'imprenditorialit\u00e0<\/strong>\"Questo modulo innovativo esplora l'imprenditorialit\u00e0 da un punto di vista visionario e filosofico.<\/p>\n\n\t\t<\/div>\n\t<\/div>\n<\/div><\/div><\/div><\/div><!-- Row Backgrounds --><div class=\"upb_color\" data-bg-override=\"0\" data-bg-color=\"\" data-fadeout=\"\" data-fadeout-percentage=\"30\" data-parallax-content=\"\" data-parallax-content-sense=\"30\" data-row-effect-mobile-disable=\"true\" data-img-parallax-mobile-disable=\"true\" data-rtl=\"false\"  data-custom-vc-row=\"\"  data-vc=\"7.8\"  data-is_old_vc=\"\"  data-theme-support=\"\"   data-overlay=\"false\" data-overlay-color=\"\" data-overlay-pattern=\"\" data-overlay-pattern-opacity=\"\" data-overlay-pattern-size=\"\"    ><\/div><div class=\"vc_row wpb_row vc_row-fluid\"><div class=\"wpb_column vc_column_container vc_col-sm-12\"><div class=\"vc_column-inner\"><div class=\"wpb_wrapper\">\n\t<div class=\"wpb_text_column wpb_content_element\" >\n\t\t<div class=\"wpb_wrapper\">\n\t\t\t<h4>Imprenditorialit\u00e0: trasformare l'immaginazione in realt\u00e0<\/h4>\n<p>A questa conferenza, <strong>Sig. El Haddaoui<\/strong> ha proposto un approccio unico all'imprenditorialit\u00e0, definendola come \"<strong>l'arte di trasformare l'immaginazione in realt\u00e0 e di convertire questa realt\u00e0 in successo<\/strong>\".<\/p>\n<p>Ha sottolineato che l'imprenditorialit\u00e0 non consiste solo nella creazione di un'azienda, ma soprattutto in una mentalit\u00e0 coraggiosa e nella capacit\u00e0 di trasformare le idee in realt\u00e0.<\/p>\n<p>Le tre forze fondamentali dell'imprenditore :<\/p>\n\n\t\t<\/div>\n\t<\/div>\n<\/div><\/div><\/div><\/div><div class=\"vc_row wpb_row vc_row-fluid\"><div class=\"wpb_column vc_column_container vc_col-sm-12\"><div class=\"vc_column-inner\"><div class=\"wpb_wrapper\">\n\t<div class=\"wpb_text_column wpb_content_element\" >\n\t\t<div class=\"wpb_wrapper\">\n\t\t\t<h4>1. Forza spirituale<\/h4>\n<p>L'<strong>imprenditorialit\u00e0<\/strong> inizia con un'energia interiore, una forza che permette di superare le avversit\u00e0 e di dare un senso al proprio progetto.<strong> Sig. El Haddaoui<\/strong> ha sottolineato l'importanza di :<br \/>\n<strong>-<\/strong> <strong>Fiducia in se stessi<\/strong>che vi permette di agire con fiducia e di superare la paura di fallire.<br \/>\n<strong>- Fede nel progetto,<\/strong> essenziale per perseverare nonostante gli ostacoli.<br \/>\n<strong>- Equilibrio emotivo<\/strong>Questa \u00e8 la chiave per gestire le sfide e prendere decisioni informate.<\/p>\n\n\t\t<\/div>\n\t<\/div>\n<\/div><\/div><\/div><\/div><div class=\"vc_row wpb_row vc_row-fluid\"><div class=\"wpb_column vc_column_container vc_col-sm-12\"><div class=\"vc_column-inner\"><div class=\"wpb_wrapper\">\n\t<div class=\"wpb_text_column wpb_content_element\" >\n\t\t<div class=\"wpb_wrapper\">\n\t\t\t<h4>2. Forza personale<\/h4>\n<p>L'<strong>appaltatore<\/strong> \u00e8 un <strong>combattente<\/strong>guidata da una visione e da una determinazione incrollabili. Questa forza si basa su :<br \/>\n<strong>- Lo spirito competitivo<\/strong>che ci spinge a eccellere e a impegnarci costantemente per migliorare.<br \/>\n<strong>- Resilienza,<\/strong> che trasforma i fallimenti in opportunit\u00e0 di apprendimento.<br \/>\n<strong>- Il potere della creazione<\/strong>Perch\u00e9 innovare significa saper immaginare e mettere in pratica nuove idee.<br \/>\n<strong>- Contemplazione<\/strong>Permette di osservare, analizzare e trovare ispirazione nell'ambiente circostante.<\/p>\n\n\t\t<\/div>\n\t<\/div>\n<\/div><\/div><\/div><\/div><div class=\"vc_row wpb_row vc_row-fluid\"><div class=\"wpb_column vc_column_container vc_col-sm-12\"><div class=\"vc_column-inner\"><div class=\"wpb_wrapper\">\n\t<div class=\"wpb_text_column wpb_content_element\" >\n\t\t<div class=\"wpb_wrapper\">\n\t\t\t<h4>3. Forza intellettuale<\/h4>\n<p>Una visione chiara e la capacit\u00e0 di analisi sono elementi fondamentali per il successo di un'azienda. <strong>imprenditorialit\u00e0<\/strong>. <strong>Sig. El Haddaoui<\/strong> ha spiegato che :<br \/>\n<strong>- Atteggiamento mentale<\/strong>Un approccio positivo e proattivo ha un'influenza diretta sul successo.<br \/>\n<strong>- Le basi della gestione<\/strong> sono essenziali per strutturare e gestire efficacemente un progetto.<br \/>\n<strong>- Conoscenza del mercato<\/strong> ci permette di anticipare le tendenze e di rispondere meglio alle esigenze dei clienti.<br \/>\n<strong>- Una strategia di marketing<\/strong> \u00e8 essenziale per posizionarsi e attirare i clienti target.<\/p>\n\n\t\t<\/div>\n\t<\/div>\n<\/div><\/div><\/div><\/div><div class=\"vc_row wpb_row vc_row-fluid\"><div class=\"wpb_column vc_column_container vc_col-sm-12\"><div class=\"vc_column-inner\"><div class=\"wpb_wrapper\">\n\t<div class=\"wpb_text_column wpb_content_element\" >\n\t\t<div class=\"wpb_wrapper\">\n\t\t\t<h4>Un messaggio di ispirazione per i futuri imprenditori<\/h4>\n<p>Questa conferenza ha avuto un effetto profondo sui partecipanti, offrendo loro una nuova prospettiva su <strong>imprenditorialit\u00e0<\/strong>. Pi\u00f9 che un semplice approccio commerciale, \u00e8 <strong>una filosofia di vita<\/strong>\u00c8 una forza che permette alle persone di dare vita alle loro idee e di avere un impatto positivo sulla societ\u00e0.<\/p>\n<p>Attraverso questo evento, il<strong>OFPPT<\/strong> conferma il suo impegno a sostenere i suoi studenti e formatori nello sviluppo di una cultura imprenditoriale visionaria e sostenibile.<\/p>\n\n\t\t<\/div>\n\t<\/div>\n<\/div><\/div><\/div><\/div>\n<\/div>","protected":false},"excerpt":{"rendered":"Yassir El Haddaoui, amministratore delegato di Union Accessoires e specialista di marketing, ha recentemente tenuto un discorso stimolante presso l'OFPPT. Rivolto a studenti e formatori, l'evento si \u00e8 concentrato su \"La filosofia dell'imprenditorialit\u00e0\", un modulo innovativo che esplora l'imprenditorialit\u00e0 da un punto di vista visionario e filosofico. Imprenditorialit\u00e0: trasformare l'immaginazione in realt\u00e0 In questa conferenza, [...]","protected":false},"author":2,"featured_media":228267,"comment_status":"closed","ping_status":"closed","sticky":false,"template":"","format":"standard","meta":{"_monsterinsights_skip_tracking":false,"_monsterinsights_sitenote_active":false,"_monsterinsights_sitenote_note":"","_monsterinsights_sitenote_category":0,"_joinchat":[],"footnotes":""},"categories":[40],"tags":[41],"class_list":["post-228240","post","type-post","status-publish","format-standard","has-post-thumbnail","hentry","category-blog","tag-blog"],"yoast_head":"<!-- This site is optimized with the Yoast SEO plugin v25.9 - https:\/\/yoast.com\/wordpress\/plugins\/seo\/ -->\n<title>Une Confe\u0301rence anime\u0301e par M. Yassir El Haddaoui sur la Philosophie de l\u2019Entrepreneuriat a\u0300 l\u2019OFPPT en Pre\u0301sence des Formateurs et des E\u0301tudiants - Union Accessoires<\/title>\n<meta name=\"robots\" content=\"index, follow, max-snippet:-1, max-image-preview:large, max-video-preview:-1\" \/>\n<link rel=\"canonical\" href=\"https:\/\/unionaccessoires.ma\/it\/conferenza-di-m-yassir-el-haddaoui-sulla-filosofia-dellimprenditorialita-al-lofppt-in-presenza-di-formatori-e-studenti\/\" \/>\n<meta property=\"og:locale\" content=\"it_IT\" \/>\n<meta property=\"og:type\" content=\"article\" \/>\n<meta property=\"og:title\" content=\"Une Confe\u0301rence anime\u0301e par M. Yassir El Haddaoui sur la Philosophie de l\u2019Entrepreneuriat a\u0300 l\u2019OFPPT en Pre\u0301sence des Formateurs et des E\u0301tudiants - Union Accessoires\" \/>\n<meta property=\"og:url\" content=\"https:\/\/unionaccessoires.ma\/it\/conferenza-di-m-yassir-el-haddaoui-sulla-filosofia-dellimprenditorialita-al-lofppt-in-presenza-di-formatori-e-studenti\/\" \/>\n<meta property=\"og:site_name\" content=\"Union Accessoires\" \/>\n<meta property=\"article:published_time\" content=\"2025-03-03T16:00:23+00:00\" \/>\n<meta property=\"article:modified_time\" content=\"2025-03-04T11:22:39+00:00\" \/>\n<meta property=\"og:image\" content=\"https:\/\/unionaccessoires.ma\/wp-content\/uploads\/2025\/03\/LA-PHILOSOPHIE-DE-LENTREPRENARIAT.jpg\" \/>\n\t<meta property=\"og:image:width\" content=\"1366\" \/>\n\t<meta property=\"og:image:height\" content=\"768\" \/>\n\t<meta property=\"og:image:type\" content=\"image\/jpeg\" \/>\n<meta name=\"author\" content=\"Samia\" \/>\n<meta name=\"twitter:card\" content=\"summary_large_image\" \/>\n<meta name=\"twitter:label1\" content=\"Scritto da\" \/>\n\t<meta name=\"twitter:data1\" content=\"Samia\" \/>\n\t<meta name=\"twitter:label2\" content=\"Tempo di lettura stimato\" \/>\n\t<meta name=\"twitter:data2\" content=\"3 minuti\" \/>\n<script type=\"application\/ld+json\" class=\"yoast-schema-graph\">{\"@context\":\"https:\/\/schema.org\",\"@graph\":[{\"@type\":\"Article\",\"@id\":\"https:\/\/unionaccessoires.ma\/une-conference-animee-par-m-yassir-el-haddaoui-sur-la-philosophie-de-lentrepreneuriat-a-lofppt-en-presence-des-formateurs-et-des-etudiants\/#article\",\"isPartOf\":{\"@id\":\"https:\/\/unionaccessoires.ma\/une-conference-animee-par-m-yassir-el-haddaoui-sur-la-philosophie-de-lentrepreneuriat-a-lofppt-en-presence-des-formateurs-et-des-etudiants\/\"},\"author\":{\"name\":\"Samia\",\"@id\":\"https:\/\/unionaccessoires.ma\/#\/schema\/person\/4d278c9c361bffb2e924e06a6db55af0\"},\"headline\":\"Une Confe\u0301rence anime\u0301e par M. Yassir El Haddaoui sur la Philosophie de l\u2019Entrepreneuriat a\u0300 l\u2019OFPPT en Pre\u0301sence des Formateurs et des E\u0301tudiants\",\"datePublished\":\"2025-03-03T16:00:23+00:00\",\"dateModified\":\"2025-03-04T11:22:39+00:00\",\"mainEntityOfPage\":{\"@id\":\"https:\/\/unionaccessoires.ma\/une-conference-animee-par-m-yassir-el-haddaoui-sur-la-philosophie-de-lentrepreneuriat-a-lofppt-en-presence-des-formateurs-et-des-etudiants\/\"},\"wordCount\":655,\"publisher\":{\"@id\":\"https:\/\/unionaccessoires.ma\/#organization\"},\"image\":{\"@id\":\"https:\/\/unionaccessoires.ma\/une-conference-animee-par-m-yassir-el-haddaoui-sur-la-philosophie-de-lentrepreneuriat-a-lofppt-en-presence-des-formateurs-et-des-etudiants\/#primaryimage\"},\"thumbnailUrl\":\"https:\/\/unionaccessoires.ma\/wp-content\/uploads\/2025\/03\/LA-PHILOSOPHIE-DE-LENTREPRENARIAT.jpg\",\"keywords\":[\"Blog\"],\"articleSection\":[\"Blog\"],\"inLanguage\":\"it-IT\"},{\"@type\":\"WebPage\",\"@id\":\"https:\/\/unionaccessoires.ma\/une-conference-animee-par-m-yassir-el-haddaoui-sur-la-philosophie-de-lentrepreneuriat-a-lofppt-en-presence-des-formateurs-et-des-etudiants\/\",\"url\":\"https:\/\/unionaccessoires.ma\/une-conference-animee-par-m-yassir-el-haddaoui-sur-la-philosophie-de-lentrepreneuriat-a-lofppt-en-presence-des-formateurs-et-des-etudiants\/\",\"name\":\"Une Confe\u0301rence anime\u0301e par M. Yassir El Haddaoui sur la Philosophie de l\u2019Entrepreneuriat a\u0300 l\u2019OFPPT en Pre\u0301sence des Formateurs et des E\u0301tudiants - Union Accessoires\",\"isPartOf\":{\"@id\":\"https:\/\/unionaccessoires.ma\/#website\"},\"primaryImageOfPage\":{\"@id\":\"https:\/\/unionaccessoires.ma\/une-conference-animee-par-m-yassir-el-haddaoui-sur-la-philosophie-de-lentrepreneuriat-a-lofppt-en-presence-des-formateurs-et-des-etudiants\/#primaryimage\"},\"image\":{\"@id\":\"https:\/\/unionaccessoires.ma\/une-conference-animee-par-m-yassir-el-haddaoui-sur-la-philosophie-de-lentrepreneuriat-a-lofppt-en-presence-des-formateurs-et-des-etudiants\/#primaryimage\"},\"thumbnailUrl\":\"https:\/\/unionaccessoires.ma\/wp-content\/uploads\/2025\/03\/LA-PHILOSOPHIE-DE-LENTREPRENARIAT.jpg\",\"datePublished\":\"2025-03-03T16:00:23+00:00\",\"dateModified\":\"2025-03-04T11:22:39+00:00\",\"breadcrumb\":{\"@id\":\"https:\/\/unionaccessoires.ma\/une-conference-animee-par-m-yassir-el-haddaoui-sur-la-philosophie-de-lentrepreneuriat-a-lofppt-en-presence-des-formateurs-et-des-etudiants\/#breadcrumb\"},\"inLanguage\":\"it-IT\",\"potentialAction\":[{\"@type\":\"ReadAction\",\"target\":[\"https:\/\/unionaccessoires.ma\/une-conference-animee-par-m-yassir-el-haddaoui-sur-la-philosophie-de-lentrepreneuriat-a-lofppt-en-presence-des-formateurs-et-des-etudiants\/\"]}]},{\"@type\":\"ImageObject\",\"inLanguage\":\"it-IT\",\"@id\":\"https:\/\/unionaccessoires.ma\/une-conference-animee-par-m-yassir-el-haddaoui-sur-la-philosophie-de-lentrepreneuriat-a-lofppt-en-presence-des-formateurs-et-des-etudiants\/#primaryimage\",\"url\":\"https:\/\/unionaccessoires.ma\/wp-content\/uploads\/2025\/03\/LA-PHILOSOPHIE-DE-LENTREPRENARIAT.jpg\",\"contentUrl\":\"https:\/\/unionaccessoires.ma\/wp-content\/uploads\/2025\/03\/LA-PHILOSOPHIE-DE-LENTREPRENARIAT.jpg\",\"width\":1366,\"height\":768},{\"@type\":\"BreadcrumbList\",\"@id\":\"https:\/\/unionaccessoires.ma\/une-conference-animee-par-m-yassir-el-haddaoui-sur-la-philosophie-de-lentrepreneuriat-a-lofppt-en-presence-des-formateurs-et-des-etudiants\/#breadcrumb\",\"itemListElement\":[{\"@type\":\"ListItem\",\"position\":1,\"name\":\"Accueil\",\"item\":\"https:\/\/unionaccessoires.ma\/\"},{\"@type\":\"ListItem\",\"position\":2,\"name\":\"Une Confe\u0301rence anime\u0301e par M. Yassir El Haddaoui sur la Philosophie de l\u2019Entrepreneuriat a\u0300 l\u2019OFPPT en Pre\u0301sence des Formateurs et des E\u0301tudiants\"}]},{\"@type\":\"WebSite\",\"@id\":\"https:\/\/unionaccessoires.ma\/#website\",\"url\":\"https:\/\/unionaccessoires.ma\/\",\"name\":\"Union Accessoires\",\"description\":\"\",\"publisher\":{\"@id\":\"https:\/\/unionaccessoires.ma\/#organization\"},\"potentialAction\":[{\"@type\":\"SearchAction\",\"target\":{\"@type\":\"EntryPoint\",\"urlTemplate\":\"https:\/\/unionaccessoires.ma\/?s={search_term_string}\"},\"query-input\":{\"@type\":\"PropertyValueSpecification\",\"valueRequired\":true,\"valueName\":\"search_term_string\"}}],\"inLanguage\":\"it-IT\"},{\"@type\":\"Organization\",\"@id\":\"https:\/\/unionaccessoires.ma\/#organization\",\"name\":\"Union Accessoires\",\"url\":\"https:\/\/unionaccessoires.ma\/\",\"logo\":{\"@type\":\"ImageObject\",\"inLanguage\":\"it-IT\",\"@id\":\"https:\/\/unionaccessoires.ma\/#\/schema\/logo\/image\/\",\"url\":\"https:\/\/unionaccessoires.ma\/wp-content\/uploads\/2024\/08\/un.png\",\"contentUrl\":\"https:\/\/unionaccessoires.ma\/wp-content\/uploads\/2024\/08\/un.png\",\"width\":3000,\"height\":3000,\"caption\":\"Union Accessoires\"},\"image\":{\"@id\":\"https:\/\/unionaccessoires.ma\/#\/schema\/logo\/image\/\"}},{\"@type\":\"Person\",\"@id\":\"https:\/\/unionaccessoires.ma\/#\/schema\/person\/4d278c9c361bffb2e924e06a6db55af0\",\"name\":\"Samia\",\"image\":{\"@type\":\"ImageObject\",\"inLanguage\":\"it-IT\",\"@id\":\"https:\/\/unionaccessoires.ma\/#\/schema\/person\/image\/\",\"url\":\"https:\/\/secure.gravatar.com\/avatar\/fdc9c59c18f56e6724ac1384d0214c6e6595be1f9ebb55cc45e06f6e2798353e?s=96&d=mm&r=g\",\"contentUrl\":\"https:\/\/secure.gravatar.com\/avatar\/fdc9c59c18f56e6724ac1384d0214c6e6595be1f9ebb55cc45e06f6e2798353e?s=96&d=mm&r=g\",\"caption\":\"Samia\"},\"url\":\"https:\/\/unionaccessoires.ma\/it\/author\/samia\/\"}]}<\/script>\n<!-- \/ Yoast SEO plugin. -->","yoast_head_json":{"title":"Conferenza di Yassir El Haddaoui sulla filosofia dell'imprenditorialit\u00e0 presso l'OFPPT alla presenza di formatori e studenti - Union Accessoires","robots":{"index":"index","follow":"follow","max-snippet":"max-snippet:-1","max-image-preview":"max-image-preview:large","max-video-preview":"max-video-preview:-1"},"canonical":"https:\/\/unionaccessoires.ma\/it\/conferenza-di-m-yassir-el-haddaoui-sulla-filosofia-dellimprenditorialita-al-lofppt-in-presenza-di-formatori-e-studenti\/","og_locale":"it_IT","og_type":"article","og_title":"Une Confe\u0301rence anime\u0301e par M. Yassir El Haddaoui sur la Philosophie de l\u2019Entrepreneuriat a\u0300 l\u2019OFPPT en Pre\u0301sence des Formateurs et des E\u0301tudiants - Union Accessoires","og_url":"https:\/\/unionaccessoires.ma\/it\/conferenza-di-m-yassir-el-haddaoui-sulla-filosofia-dellimprenditorialita-al-lofppt-in-presenza-di-formatori-e-studenti\/","og_site_name":"Union Accessoires","article_published_time":"2025-03-03T16:00:23+00:00","article_modified_time":"2025-03-04T11:22:39+00:00","og_image":[{"width":1366,"height":768,"url":"https:\/\/unionaccessoires.ma\/wp-content\/uploads\/2025\/03\/LA-PHILOSOPHIE-DE-LENTREPRENARIAT.jpg","type":"image\/jpeg"}],"author":"Samia","twitter_card":"summary_large_image","twitter_misc":{"Scritto da":"Samia","Tempo di lettura stimato":"3 minuti"},"schema":{"@context":"https:\/\/schema.org","@graph":[{"@type":"Article","@id":"https:\/\/unionaccessoires.ma\/une-conference-animee-par-m-yassir-el-haddaoui-sur-la-philosophie-de-lentrepreneuriat-a-lofppt-en-presence-des-formateurs-et-des-etudiants\/#article","isPartOf":{"@id":"https:\/\/unionaccessoires.ma\/une-conference-animee-par-m-yassir-el-haddaoui-sur-la-philosophie-de-lentrepreneuriat-a-lofppt-en-presence-des-formateurs-et-des-etudiants\/"},"author":{"name":"Samia","@id":"https:\/\/unionaccessoires.ma\/#\/schema\/person\/4d278c9c361bffb2e924e06a6db55af0"},"headline":"Une Confe\u0301rence anime\u0301e par M. Yassir El Haddaoui sur la Philosophie de l\u2019Entrepreneuriat a\u0300 l\u2019OFPPT en Pre\u0301sence des Formateurs et des E\u0301tudiants","datePublished":"2025-03-03T16:00:23+00:00","dateModified":"2025-03-04T11:22:39+00:00","mainEntityOfPage":{"@id":"https:\/\/unionaccessoires.ma\/une-conference-animee-par-m-yassir-el-haddaoui-sur-la-philosophie-de-lentrepreneuriat-a-lofppt-en-presence-des-formateurs-et-des-etudiants\/"},"wordCount":655,"publisher":{"@id":"https:\/\/unionaccessoires.ma\/#organization"},"image":{"@id":"https:\/\/unionaccessoires.ma\/une-conference-animee-par-m-yassir-el-haddaoui-sur-la-philosophie-de-lentrepreneuriat-a-lofppt-en-presence-des-formateurs-et-des-etudiants\/#primaryimage"},"thumbnailUrl":"https:\/\/unionaccessoires.ma\/wp-content\/uploads\/2025\/03\/LA-PHILOSOPHIE-DE-LENTREPRENARIAT.jpg","keywords":["Blog"],"articleSection":["Blog"],"inLanguage":"it-IT"},{"@type":"WebPage","@id":"https:\/\/unionaccessoires.ma\/une-conference-animee-par-m-yassir-el-haddaoui-sur-la-philosophie-de-lentrepreneuriat-a-lofppt-en-presence-des-formateurs-et-des-etudiants\/","url":"https:\/\/unionaccessoires.ma\/une-conference-animee-par-m-yassir-el-haddaoui-sur-la-philosophie-de-lentrepreneuriat-a-lofppt-en-presence-des-formateurs-et-des-etudiants\/","name":"Conferenza di Yassir El Haddaoui sulla filosofia dell'imprenditorialit\u00e0 presso l'OFPPT alla presenza di formatori e studenti - Union Accessoires","isPartOf":{"@id":"https:\/\/unionaccessoires.ma\/#website"},"primaryImageOfPage":{"@id":"https:\/\/unionaccessoires.ma\/une-conference-animee-par-m-yassir-el-haddaoui-sur-la-philosophie-de-lentrepreneuriat-a-lofppt-en-presence-des-formateurs-et-des-etudiants\/#primaryimage"},"image":{"@id":"https:\/\/unionaccessoires.ma\/une-conference-animee-par-m-yassir-el-haddaoui-sur-la-philosophie-de-lentrepreneuriat-a-lofppt-en-presence-des-formateurs-et-des-etudiants\/#primaryimage"},"thumbnailUrl":"https:\/\/unionaccessoires.ma\/wp-content\/uploads\/2025\/03\/LA-PHILOSOPHIE-DE-LENTREPRENARIAT.jpg","datePublished":"2025-03-03T16:00:23+00:00","dateModified":"2025-03-04T11:22:39+00:00","breadcrumb":{"@id":"https:\/\/unionaccessoires.ma\/une-conference-animee-par-m-yassir-el-haddaoui-sur-la-philosophie-de-lentrepreneuriat-a-lofppt-en-presence-des-formateurs-et-des-etudiants\/#breadcrumb"},"inLanguage":"it-IT","potentialAction":[{"@type":"ReadAction","target":["https:\/\/unionaccessoires.ma\/une-conference-animee-par-m-yassir-el-haddaoui-sur-la-philosophie-de-lentrepreneuriat-a-lofppt-en-presence-des-formateurs-et-des-etudiants\/"]}]},{"@type":"ImageObject","inLanguage":"it-IT","@id":"https:\/\/unionaccessoires.ma\/une-conference-animee-par-m-yassir-el-haddaoui-sur-la-philosophie-de-lentrepreneuriat-a-lofppt-en-presence-des-formateurs-et-des-etudiants\/#primaryimage","url":"https:\/\/unionaccessoires.ma\/wp-content\/uploads\/2025\/03\/LA-PHILOSOPHIE-DE-LENTREPRENARIAT.jpg","contentUrl":"https:\/\/unionaccessoires.ma\/wp-content\/uploads\/2025\/03\/LA-PHILOSOPHIE-DE-LENTREPRENARIAT.jpg","width":1366,"height":768},{"@type":"BreadcrumbList","@id":"https:\/\/unionaccessoires.ma\/une-conference-animee-par-m-yassir-el-haddaoui-sur-la-philosophie-de-lentrepreneuriat-a-lofppt-en-presence-des-formateurs-et-des-etudiants\/#breadcrumb","itemListElement":[{"@type":"ListItem","position":1,"name":"Accueil","item":"https:\/\/unionaccessoires.ma\/"},{"@type":"ListItem","position":2,"name":"Une Confe\u0301rence anime\u0301e par M. Yassir El Haddaoui sur la Philosophie de l\u2019Entrepreneuriat a\u0300 l\u2019OFPPT en Pre\u0301sence des Formateurs et des E\u0301tudiants"}]},{"@type":"WebSite","@id":"https:\/\/unionaccessoires.ma\/#website","url":"https:\/\/unionaccessoires.ma\/","name":"Accessori Union","description":"","publisher":{"@id":"https:\/\/unionaccessoires.ma\/#organization"},"potentialAction":[{"@type":"SearchAction","target":{"@type":"EntryPoint","urlTemplate":"https:\/\/unionaccessoires.ma\/?s={search_term_string}"},"query-input":{"@type":"PropertyValueSpecification","valueRequired":true,"valueName":"search_term_string"}}],"inLanguage":"it-IT"},{"@type":"Organization","@id":"https:\/\/unionaccessoires.ma\/#organization","name":"Accessori Union","url":"https:\/\/unionaccessoires.ma\/","logo":{"@type":"ImageObject","inLanguage":"it-IT","@id":"https:\/\/unionaccessoires.ma\/#\/schema\/logo\/image\/","url":"https:\/\/unionaccessoires.ma\/wp-content\/uploads\/2024\/08\/un.png","contentUrl":"https:\/\/unionaccessoires.ma\/wp-content\/uploads\/2024\/08\/un.png","width":3000,"height":3000,"caption":"Union Accessoires"},"image":{"@id":"https:\/\/unionaccessoires.ma\/#\/schema\/logo\/image\/"}},{"@type":"Person","@id":"https:\/\/unionaccessoires.ma\/#\/schema\/person\/4d278c9c361bffb2e924e06a6db55af0","name":"Samia","image":{"@type":"ImageObject","inLanguage":"it-IT","@id":"https:\/\/unionaccessoires.ma\/#\/schema\/person\/image\/","url":"https:\/\/secure.gravatar.com\/avatar\/fdc9c59c18f56e6724ac1384d0214c6e6595be1f9ebb55cc45e06f6e2798353e?s=96&d=mm&r=g","contentUrl":"https:\/\/secure.gravatar.com\/avatar\/fdc9c59c18f56e6724ac1384d0214c6e6595be1f9ebb55cc45e06f6e2798353e?s=96&d=mm&r=g","caption":"Samia"},"url":"https:\/\/unionaccessoires.ma\/it\/author\/samia\/"}]}},"_links":{"self":[{"href":"https:\/\/unionaccessoires.ma\/it\/wp-json\/wp\/v2\/posts\/228240","targetHints":{"allow":["GET"]}}],"collection":[{"href":"https:\/\/unionaccessoires.ma\/it\/wp-json\/wp\/v2\/posts"}],"about":[{"href":"https:\/\/unionaccessoires.ma\/it\/wp-json\/wp\/v2\/types\/post"}],"author":[{"embeddable":true,"href":"https:\/\/unionaccessoires.ma\/it\/wp-json\/wp\/v2\/users\/2"}],"replies":[{"embeddable":true,"href":"https:\/\/unionaccessoires.ma\/it\/wp-json\/wp\/v2\/comments?post=228240"}],"version-history":[{"count":22,"href":"https:\/\/unionaccessoires.ma\/it\/wp-json\/wp\/v2\/posts\/228240\/revisions"}],"predecessor-version":[{"id":228268,"href":"https:\/\/unionaccessoires.ma\/it\/wp-json\/wp\/v2\/posts\/228240\/revisions\/228268"}],"wp:featuredmedia":[{"embeddable":true,"href":"https:\/\/unionaccessoires.ma\/it\/wp-json\/wp\/v2\/media\/228267"}],"wp:attachment":[{"href":"https:\/\/unionaccessoires.ma\/it\/wp-json\/wp\/v2\/media?parent=228240"}],"wp:term":[{"taxonomy":"category","embeddable":true,"href":"https:\/\/unionaccessoires.ma\/it\/wp-json\/wp\/v2\/categories?post=228240"},{"taxonomy":"post_tag","embeddable":true,"href":"https:\/\/unionaccessoires.ma\/it\/wp-json\/wp\/v2\/tags?post=228240"}],"curies":[{"name":"wp","href":"https:\/\/api.w.org\/{rel}","templated":true}]}}